{"id":2795,"date":"2025-09-22T14:34:14","date_gmt":"2025-09-22T12:34:14","guid":{"rendered":"https:\/\/zeitaufsee.de\/?p=2795"},"modified":"2025-11-02T13:08:32","modified_gmt":"2025-11-02T12:08:32","slug":"ventotene","status":"publish","type":"post","link":"https:\/\/zeitaufsee.de\/en\/2025\/09\/22\/ventotene\/","title":{"rendered":"Santa Candida di Ventotene"},"content":{"rendered":"\n<p>\u2026, Jungfrau und M\u00e4rtyrerin, ist Schutzpatronin von Ventotene. Ihre j\u00e4hrliche Verehrung wird in der Woche vor dem 20. Sep gefeiert.<br>Die kleine Insel mit pastellfarbenen H\u00e4uschen, h\u00fcbsch anzusehen, z\u00e4hlt zu den Pontinischen. Ihr alter Hafen ruht sichtbar auf r\u00f6mischen Grundmauern. Unser Katamaran ist zu breit f\u00fcr die Hafeneinfahrt. Wir ankern in der N\u00e4he, um mit unserem neuen Paddelboot einen kurzen Weg an Land zu haben.<br>R\u00f6mische Kaiser haben hierher ihre Frauen und Schwestern verbannt, wenn sie ihrer \u00fcberdr\u00fcssig waren, oder sie vor einem Mord zur\u00fcckscheuten. \u00dcberhaupt scheint hier ein guter Ort f\u00fcr die Verbannung zu sein. In unmittelbarer N\u00e4he liegt die Insel San Stefano, auf der die Bourbonen einen Gef\u00e4ngniskomplex f\u00fcr die Feinde der Monarchie errichten lie\u00dfen.<br>Auf Ventotene leben heute vierhundert Menschen. Der Ort ist vom Aussterben bedroht und wird von offizieller Seite als Wohnsitz beworben. Wenn ich mal richtig meine Ruhe haben will, ziehe ich hierher, denke ich. Hier findet mich niemand. Ende September ist das Dorf jedoch voller Leben. Nach der heiligen Messe versammeln sich die Einwohner und G\u00e4ste zu Ehren der Schutzpatronin vor der Kirche, musizieren und lassen feierlich einen bunten Ballon vom Kirchplatz aufsteigen. Wir geraten durch Zufall mitten hinein, stehen mittendrin, als das Tuch sich bl\u00e4ht und aufrichtet. Der verzierte Ballon steigt drehend in den Nachthimmel, man hat unwillk\u00fcrlich das Bed\u00fcrfnis, sich etwas w\u00fcnschen. Allzeit gute Fahrt, g\u00fcnstige Winde, die Unzertrennlichkeit der beiden Traumj\u00e4ger. So was in der Art.<\/p>\n\n\n\n<p>Wir liegen hier f\u00fcr eine Nacht. Schon am n\u00e4chsten Morgen soll es weiter gehen, bei fr\u00fchem Ostwind. Doch wir erwachen vor dem Wecker. Es ist noch dunkel. Die See sp\u00fclt unangenehm aufgew\u00fchlt Welle um Welle gegen das Eiland und dr\u00fcckt uns fast auf den Fels vor der Hafeneinfahrt. Wir starten die Motoren, holen den Anker ein und fahren hinaus auf das unruhige Meer. \u00c4olus vertreibt uns regelrecht, und spielt uns obendrein einen Streich. Bei sch\u00f6nstem Sonnenaufgang schickt er Winde von S\u00fcdost, mit f\u00fcnf bis sechs St\u00e4rken, die Dreamchaser stampft von Beginn dagegen an. Immer wieder wird das Vorschiff von einer h\u00f6heren Welle \u00fcbersp\u00fclt. Nicht daran zu denken, bei diesen Bedingungen die zwei Stufen in den Mast zu steigen, die n\u00f6tig sind, um das Gro\u00dfsegel anzuschlagen. Es bleibt uns nichts anderes \u00fcbrig, als unter Motor zu fahren. Sechs Stunden lang geht das so. Der sich Gott der Winde schimpft, kommt mir zunehmend wie ein kleiner Windteufel vor. Was bildet der sich ein?<\/p>\n\n\n\n<p><\/p>\n\n\n<div  id=\"jtg-2800\" class=\"modula modula-gallery modula-columns\" data-config=\"{&quot;tabletHeight&quot;:800,&quot;mobileHeight&quot;:800,&quot;desktopHeight&quot;:800,&quot;enableTwitter&quot;:false,&quot;enableWhatsapp&quot;:false,&quot;enableFacebook&quot;:false,&quot;enablePinterest&quot;:false,&quot;enableLinkedin&quot;:false,&quot;enableEmail&quot;:false,&quot;randomFactor&quot;:0.5,&quot;type&quot;:&quot;grid&quot;,&quot;columns&quot;:12,&quot;gutter&quot;:10,&quot;mobileGutter&quot;:10,&quot;tabletGutter&quot;:10,&quot;desktopGutter&quot;:10,&quot;enableResponsive&quot;:&quot;0&quot;,&quot;tabletColumns&quot;:2,&quot;mobileColumns&quot;:1,&quot;lazyLoad&quot;:0,&quot;lightboxOpts&quot;:{&quot;animated&quot;:true,&quot;Thumbs&quot;:{&quot;type&quot;:&quot;modern&quot;,&quot;showOnStart&quot;:false},&quot;Toolbar&quot;:{&quot;display&quot;:{&quot;right&quot;:[&quot;close&quot;]},&quot;enabled&quot;:true},&quot;Carousel&quot;:{&quot;Panzoom&quot;:{&quot;touch&quot;:true},&quot;infinite&quot;:false},&quot;keyboard&quot;:{&quot;Escape&quot;:&quot;close&quot;,&quot;Delete&quot;:&quot;close&quot;,&quot;Backspace&quot;:&quot;close&quot;,&quot;PageUp&quot;:false,&quot;PageDown&quot;:false,&quot;ArrowUp&quot;:false,&quot;ArrowDown&quot;:false,&quot;ArrowRight&quot;:false,&quot;ArrowLeft&quot;:false},&quot;touch&quot;:false,&quot;backdropClick&quot;:false,&quot;l10n&quot;:{&quot;CLOSE&quot;:&quot;Close&quot;,&quot;NEXT&quot;:&quot;Next&quot;,&quot;PREV&quot;:&quot;Previous&quot;,&quot;Error&quot;:&quot;The requested content cannot be loaded. Please try again later.&quot;,&quot;PLAY_START&quot;:&quot;Start slideshow&quot;,&quot;PLAY_STOP&quot;:&quot;Pause slideshow&quot;,&quot;FULL_SCREEN&quot;:&quot;Full screen&quot;,&quot;THUMBS&quot;:&quot;Thumbnails&quot;,&quot;DOWNLOAD&quot;:&quot;Download&quot;,&quot;SHARE&quot;:&quot;Share&quot;,&quot;ZOOM&quot;:&quot;Zoom&quot;,&quot;EMAIL&quot;:&quot;Here is the link to the image : %%image_link%% and this is the link to the gallery : %%gallery_link%%&quot;,&quot;MODAL&quot;:&quot;You can close this modal content with the ESC key&quot;,&quot;ERROR&quot;:&quot;Something Went Wrong, Please Try Again Later&quot;,&quot;IMAGE_ERROR&quot;:&quot;Image Not Found&quot;,&quot;ELEMENT_NOT_FOUND&quot;:&quot;HTML Element Not Found&quot;,&quot;AJAX_NOT_FOUND&quot;:&quot;Error Loading AJAX : Not Found&quot;,&quot;AJAX_FORBIDDEN&quot;:&quot;Error Loading AJAX : Forbidden&quot;,&quot;IFRAME_ERROR&quot;:&quot;Error Loading Page&quot;,&quot;TOGGLE_ZOOM&quot;:&quot;Toggle zoom level&quot;,&quot;TOGGLE_THUMBS&quot;:&quot;Toggle thumbnails&quot;,&quot;TOGGLE_SLIDESHOW&quot;:&quot;Toggle slideshow&quot;,&quot;TOGGLE_FULLSCREEN&quot;:&quot;Toggle full-screen mode&quot;},&quot;Images&quot;:{&quot;Panzoom&quot;:{&quot;maxScale&quot;:2}},&quot;mainClass&quot;:&quot;modula-fancybox-container modula-lightbox-jtg-2800&quot;,&quot;Html&quot;:{&quot;videoAutoplay&quot;:0,&quot;videoTpl&quot;:&quot;&lt;video class=\\&quot;fancybox__html5video\\&quot; controls muted playsinline controlsList controlsList=\\&quot;nodownload\\&quot; poster=\\&quot;{{poster}}\\&quot; src=\\&quot;{{src}}\\&quot; type=\\&quot;{{format}}\\&quot; &gt;  Sorry, your browser doesn&#039;t support embedded videos, &lt;a href=\\&quot;{{src}}\\&quot;&gt; download &lt;\\\/a&gt; and watch with your favorite video player! &lt;\\\/video&gt;&quot;}},&quot;inView&quot;:false,&quot;email_subject&quot;:&quot;Check out this awesome image !!&quot;,&quot;email_message&quot;:&quot;Here is the link to the image : %%image_link%% and this is the link to the gallery : %%gallery_link%%&quot;,&quot;grid_type&quot;:&quot;automatic&quot;,&quot;rowHeight&quot;:250,&quot;lastRow&quot;:&quot;justify&quot;,&quot;lightbox&quot;:&quot;fancybox&quot;}\">\n\n\t\n\t<div  class=\"modula-items grid-gallery\">\n\t\t<div class=\"modula-item effect-pufrobo\" >\n\t<div class=\"modula-item-overlay\"><\/div>\n\n\t<div class=\"modula-item-content\">\n\n\t\t<a data-image-id=\"2801\" role=\"button\" tabindex=\"0\" rel=\"jtg-2800\" data-caption=\"\" aria-label=\"Open image in lightbox\" class=\"tile-inner modula-item-link\"><\/a><img decoding=\"async\" class=\"pic wp-image-2801\"  data-valign=\"middle\" data-halign=\"center\" alt=\"\" data-full=\"https:\/\/zeitaufsee.de\/wp-content\/uploads\/2025\/09\/20250917_200037-1.jpg\" title=\"20250917_200037\" crop=\"\" width=\"300\" height=\"169\" src=\"https:\/\/zeitaufsee.de\/wp-content\/uploads\/2025\/09\/20250917_200037-1-300x169.jpg\" data-src=\"https:\/\/zeitaufsee.de\/wp-content\/uploads\/2025\/09\/20250917_200037-1-300x169.jpg\" data-caption=\"\"\/>\n\t\t<div class=\"figc no-description\">\n\t\t\t<div class=\"figc-inner\">\n\t\t\t\t\t\t\t\t\t\t\t\t\t\t\t<\/div>\n\t\t<\/div>\n\n\t<\/div>\n\n<\/div>\t\t\n\t<\/div>\n\n\t\n\t\n\t<script type=\"application\/ld+json\">\n\t{\n\t\t\"@context\": \"http:\/\/schema.org\",\n\t\t\"@type\"   : \"ImageGallery\",\n\t\t\"id\"      : \"https:\/\/zeitaufsee.de\/en\/2025\/09\/22\/ventotene\/\",\n\t\t\"url\"     : \"https:\/\/zeitaufsee.de\/en\/2025\/09\/22\/ventotene\/\"\n\t}\n\n\t<\/script>\n\n\t\n<\/div>\n","protected":false},"excerpt":{"rendered":"<p>\u2026, Jungfrau und M\u00e4rtyrerin, ist Schutzpatronin von Ventotene. Ihre j\u00e4hrliche Verehrung wird in der Woche vor dem 20. Sep gefeiert.Die kleine Insel mit pastellfarbenen H\u00e4uschen, h\u00fcbsch anzusehen, z\u00e4hlt zu den Pontinischen. Ihr alter Hafen ruht sichtbar auf r\u00f6mischen Grundmauern. Unser Katamaran ist zu breit f\u00fcr die Hafeneinfahrt. Wir ankern in der N\u00e4he, um mit unserem [&hellip;]<\/p>\n","protected":false},"author":1,"featured_media":2796,"comment_status":"open","ping_status":"open","sticky":false,"template":"","format":"standard","meta":{"_et_pb_use_builder":"","_et_pb_old_content":"","_et_gb_content_width":"","_lmt_disableupdate":"","_lmt_disable":"","footnotes":""},"categories":[24],"tags":[],"class_list":["post-2795","post","type-post","status-publish","format-standard","has-post-thumbnail","hentry","category-odyssee"],"yoast_head":"<!-- This site is optimized with the Yoast SEO plugin v27.2 - https:\/\/yoast.com\/product\/yoast-seo-wordpress\/ -->\n<title>Santa Candida di Ventotene - Zeit auf See<\/title>\n<meta name=\"description\" content=\"Ventotene, Santa Candida\" \/>\n<meta name=\"robots\" content=\"index, follow, max-snippet:-1, max-image-preview:large, max-video-preview:-1\" \/>\n<link rel=\"canonical\" href=\"https:\/\/zeitaufsee.de\/en\/2025\/09\/22\/ventotene\/\" \/>\n<meta property=\"og:locale\" content=\"en_GB\" \/>\n<meta property=\"og:type\" content=\"article\" \/>\n<meta property=\"og:title\" content=\"Santa Candida di Ventotene - Zeit auf See\" \/>\n<meta property=\"og:description\" content=\"Ventotene, Santa Candida\" \/>\n<meta property=\"og:url\" content=\"https:\/\/zeitaufsee.de\/en\/2025\/09\/22\/ventotene\/\" \/>\n<meta property=\"og:site_name\" content=\"Zeit auf See\" \/>\n<meta property=\"article:published_time\" content=\"2025-09-22T12:34:14+00:00\" \/>\n<meta property=\"article:modified_time\" content=\"2025-11-02T12:08:32+00:00\" \/>\n<meta property=\"og:image\" content=\"https:\/\/zeitaufsee.de\/wp-content\/uploads\/2025\/09\/20250917_125024-scaled.jpg\" \/>\n\t<meta property=\"og:image:width\" content=\"2560\" \/>\n\t<meta property=\"og:image:height\" content=\"1441\" \/>\n\t<meta property=\"og:image:type\" content=\"image\/jpeg\" \/>\n<meta name=\"author\" content=\"KMF\" \/>\n<meta name=\"twitter:card\" content=\"summary_large_image\" \/>\n<meta name=\"twitter:label1\" content=\"Written by\" \/>\n\t<meta name=\"twitter:data1\" content=\"KMF\" \/>\n\t<meta name=\"twitter:label2\" content=\"Estimated reading time\" \/>\n\t<meta name=\"twitter:data2\" content=\"3 minutes\" \/>\n<script type=\"application\/ld+json\" class=\"yoast-schema-graph\">{\"@context\":\"https:\/\/schema.org\",\"@graph\":[{\"@type\":\"Article\",\"@id\":\"https:\/\/zeitaufsee.de\/2025\/09\/22\/ventotene\/#article\",\"isPartOf\":{\"@id\":\"https:\/\/zeitaufsee.de\/2025\/09\/22\/ventotene\/\"},\"author\":{\"name\":\"KMF\",\"@id\":\"https:\/\/zeitaufsee.de\/#\/schema\/person\/ed712c226220d727ae1df433d7756cb5\"},\"headline\":\"Santa Candida di Ventotene\",\"datePublished\":\"2025-09-22T12:34:14+00:00\",\"dateModified\":\"2025-11-02T12:08:32+00:00\",\"mainEntityOfPage\":{\"@id\":\"https:\/\/zeitaufsee.de\/2025\/09\/22\/ventotene\/\"},\"wordCount\":435,\"commentCount\":0,\"image\":{\"@id\":\"https:\/\/zeitaufsee.de\/2025\/09\/22\/ventotene\/#primaryimage\"},\"thumbnailUrl\":\"https:\/\/zeitaufsee.de\/wp-content\/uploads\/2025\/09\/20250917_125024-scaled.jpg\",\"articleSection\":[\"Odyssee\"],\"inLanguage\":\"en-GB\",\"potentialAction\":[{\"@type\":\"CommentAction\",\"name\":\"Comment\",\"target\":[\"https:\/\/zeitaufsee.de\/2025\/09\/22\/ventotene\/#respond\"]}]},{\"@type\":\"WebPage\",\"@id\":\"https:\/\/zeitaufsee.de\/2025\/09\/22\/ventotene\/\",\"url\":\"https:\/\/zeitaufsee.de\/2025\/09\/22\/ventotene\/\",\"name\":\"Santa Candida di Ventotene - Zeit auf See\",\"isPartOf\":{\"@id\":\"https:\/\/zeitaufsee.de\/#website\"},\"primaryImageOfPage\":{\"@id\":\"https:\/\/zeitaufsee.de\/2025\/09\/22\/ventotene\/#primaryimage\"},\"image\":{\"@id\":\"https:\/\/zeitaufsee.de\/2025\/09\/22\/ventotene\/#primaryimage\"},\"thumbnailUrl\":\"https:\/\/zeitaufsee.de\/wp-content\/uploads\/2025\/09\/20250917_125024-scaled.jpg\",\"datePublished\":\"2025-09-22T12:34:14+00:00\",\"dateModified\":\"2025-11-02T12:08:32+00:00\",\"author\":{\"@id\":\"https:\/\/zeitaufsee.de\/#\/schema\/person\/ed712c226220d727ae1df433d7756cb5\"},\"description\":\"Ventotene, Santa Candida\",\"breadcrumb\":{\"@id\":\"https:\/\/zeitaufsee.de\/2025\/09\/22\/ventotene\/#breadcrumb\"},\"inLanguage\":\"en-GB\",\"potentialAction\":[{\"@type\":\"ReadAction\",\"target\":[\"https:\/\/zeitaufsee.de\/2025\/09\/22\/ventotene\/\"]}]},{\"@type\":\"ImageObject\",\"inLanguage\":\"en-GB\",\"@id\":\"https:\/\/zeitaufsee.de\/2025\/09\/22\/ventotene\/#primaryimage\",\"url\":\"https:\/\/zeitaufsee.de\/wp-content\/uploads\/2025\/09\/20250917_125024-scaled.jpg\",\"contentUrl\":\"https:\/\/zeitaufsee.de\/wp-content\/uploads\/2025\/09\/20250917_125024-scaled.jpg\",\"width\":2560,\"height\":1441},{\"@type\":\"BreadcrumbList\",\"@id\":\"https:\/\/zeitaufsee.de\/2025\/09\/22\/ventotene\/#breadcrumb\",\"itemListElement\":[{\"@type\":\"ListItem\",\"position\":1,\"name\":\"Startseite\",\"item\":\"https:\/\/zeitaufsee.de\/\"},{\"@type\":\"ListItem\",\"position\":2,\"name\":\"Santa Candida di Ventotene\"}]},{\"@type\":\"WebSite\",\"@id\":\"https:\/\/zeitaufsee.de\/#website\",\"url\":\"https:\/\/zeitaufsee.de\/\",\"name\":\"Zeit auf See\",\"description\":\"Auf den Spuren des Odysseus\",\"potentialAction\":[{\"@type\":\"SearchAction\",\"target\":{\"@type\":\"EntryPoint\",\"urlTemplate\":\"https:\/\/zeitaufsee.de\/?s={search_term_string}\"},\"query-input\":{\"@type\":\"PropertyValueSpecification\",\"valueRequired\":true,\"valueName\":\"search_term_string\"}}],\"inLanguage\":\"en-GB\"},{\"@type\":\"Person\",\"@id\":\"https:\/\/zeitaufsee.de\/#\/schema\/person\/ed712c226220d727ae1df433d7756cb5\",\"name\":\"KMF\",\"image\":{\"@type\":\"ImageObject\",\"inLanguage\":\"en-GB\",\"@id\":\"http:\/\/zeitaufsee.de\/wp-content\/uploads\/2022\/10\/KMF-AutorPix-e1670146290576.jpg\",\"url\":\"http:\/\/zeitaufsee.de\/wp-content\/uploads\/2022\/10\/KMF-AutorPix-e1670146290576.jpg\",\"contentUrl\":\"http:\/\/zeitaufsee.de\/wp-content\/uploads\/2022\/10\/KMF-AutorPix-e1670146290576.jpg\",\"caption\":\"KMF\"},\"description\":\"Segler, Autor\",\"sameAs\":[\"https:\/\/klausmariafischer.de\"],\"url\":\"https:\/\/zeitaufsee.de\/en\/author\/web22598256\/\"}]}<\/script>\n<!-- \/ Yoast SEO plugin. -->","yoast_head_json":{"title":"Santa Candida di Ventotene - Zeit auf See","description":"Ventotene, Santa Candida","robots":{"index":"index","follow":"follow","max-snippet":"max-snippet:-1","max-image-preview":"max-image-preview:large","max-video-preview":"max-video-preview:-1"},"canonical":"https:\/\/zeitaufsee.de\/en\/2025\/09\/22\/ventotene\/","og_locale":"en_GB","og_type":"article","og_title":"Santa Candida di Ventotene - Zeit auf See","og_description":"Ventotene, Santa Candida","og_url":"https:\/\/zeitaufsee.de\/en\/2025\/09\/22\/ventotene\/","og_site_name":"Zeit auf See","article_published_time":"2025-09-22T12:34:14+00:00","article_modified_time":"2025-11-02T12:08:32+00:00","og_image":[{"width":2560,"height":1441,"url":"https:\/\/zeitaufsee.de\/wp-content\/uploads\/2025\/09\/20250917_125024-scaled.jpg","type":"image\/jpeg"}],"author":"KMF","twitter_card":"summary_large_image","twitter_misc":{"Written by":"KMF","Estimated reading time":"3 minutes"},"schema":{"@context":"https:\/\/schema.org","@graph":[{"@type":"Article","@id":"https:\/\/zeitaufsee.de\/2025\/09\/22\/ventotene\/#article","isPartOf":{"@id":"https:\/\/zeitaufsee.de\/2025\/09\/22\/ventotene\/"},"author":{"name":"KMF","@id":"https:\/\/zeitaufsee.de\/#\/schema\/person\/ed712c226220d727ae1df433d7756cb5"},"headline":"Santa Candida di Ventotene","datePublished":"2025-09-22T12:34:14+00:00","dateModified":"2025-11-02T12:08:32+00:00","mainEntityOfPage":{"@id":"https:\/\/zeitaufsee.de\/2025\/09\/22\/ventotene\/"},"wordCount":435,"commentCount":0,"image":{"@id":"https:\/\/zeitaufsee.de\/2025\/09\/22\/ventotene\/#primaryimage"},"thumbnailUrl":"https:\/\/zeitaufsee.de\/wp-content\/uploads\/2025\/09\/20250917_125024-scaled.jpg","articleSection":["Odyssee"],"inLanguage":"en-GB","potentialAction":[{"@type":"CommentAction","name":"Comment","target":["https:\/\/zeitaufsee.de\/2025\/09\/22\/ventotene\/#respond"]}]},{"@type":"WebPage","@id":"https:\/\/zeitaufsee.de\/2025\/09\/22\/ventotene\/","url":"https:\/\/zeitaufsee.de\/2025\/09\/22\/ventotene\/","name":"Santa Candida di Ventotene - Zeit auf See","isPartOf":{"@id":"https:\/\/zeitaufsee.de\/#website"},"primaryImageOfPage":{"@id":"https:\/\/zeitaufsee.de\/2025\/09\/22\/ventotene\/#primaryimage"},"image":{"@id":"https:\/\/zeitaufsee.de\/2025\/09\/22\/ventotene\/#primaryimage"},"thumbnailUrl":"https:\/\/zeitaufsee.de\/wp-content\/uploads\/2025\/09\/20250917_125024-scaled.jpg","datePublished":"2025-09-22T12:34:14+00:00","dateModified":"2025-11-02T12:08:32+00:00","author":{"@id":"https:\/\/zeitaufsee.de\/#\/schema\/person\/ed712c226220d727ae1df433d7756cb5"},"description":"Ventotene, Santa Candida","breadcrumb":{"@id":"https:\/\/zeitaufsee.de\/2025\/09\/22\/ventotene\/#breadcrumb"},"inLanguage":"en-GB","potentialAction":[{"@type":"ReadAction","target":["https:\/\/zeitaufsee.de\/2025\/09\/22\/ventotene\/"]}]},{"@type":"ImageObject","inLanguage":"en-GB","@id":"https:\/\/zeitaufsee.de\/2025\/09\/22\/ventotene\/#primaryimage","url":"https:\/\/zeitaufsee.de\/wp-content\/uploads\/2025\/09\/20250917_125024-scaled.jpg","contentUrl":"https:\/\/zeitaufsee.de\/wp-content\/uploads\/2025\/09\/20250917_125024-scaled.jpg","width":2560,"height":1441},{"@type":"BreadcrumbList","@id":"https:\/\/zeitaufsee.de\/2025\/09\/22\/ventotene\/#breadcrumb","itemListElement":[{"@type":"ListItem","position":1,"name":"Startseite","item":"https:\/\/zeitaufsee.de\/"},{"@type":"ListItem","position":2,"name":"Santa Candida di Ventotene"}]},{"@type":"WebSite","@id":"https:\/\/zeitaufsee.de\/#website","url":"https:\/\/zeitaufsee.de\/","name":"Time at Sea","description":"Auf den Spuren des Odysseus","potentialAction":[{"@type":"SearchAction","target":{"@type":"EntryPoint","urlTemplate":"https:\/\/zeitaufsee.de\/?s={search_term_string}"},"query-input":{"@type":"PropertyValueSpecification","valueRequired":true,"valueName":"search_term_string"}}],"inLanguage":"en-GB"},{"@type":"Person","@id":"https:\/\/zeitaufsee.de\/#\/schema\/person\/ed712c226220d727ae1df433d7756cb5","name":"KMF","image":{"@type":"ImageObject","inLanguage":"en-GB","@id":"http:\/\/zeitaufsee.de\/wp-content\/uploads\/2022\/10\/KMF-AutorPix-e1670146290576.jpg","url":"http:\/\/zeitaufsee.de\/wp-content\/uploads\/2022\/10\/KMF-AutorPix-e1670146290576.jpg","contentUrl":"http:\/\/zeitaufsee.de\/wp-content\/uploads\/2022\/10\/KMF-AutorPix-e1670146290576.jpg","caption":"KMF"},"description":"Segler, Autor","sameAs":["https:\/\/klausmariafischer.de"],"url":"https:\/\/zeitaufsee.de\/en\/author\/web22598256\/"}]}},"modified_by":"KMF","_links":{"self":[{"href":"https:\/\/zeitaufsee.de\/en\/wp-json\/wp\/v2\/posts\/2795","targetHints":{"allow":["GET"]}}],"collection":[{"href":"https:\/\/zeitaufsee.de\/en\/wp-json\/wp\/v2\/posts"}],"about":[{"href":"https:\/\/zeitaufsee.de\/en\/wp-json\/wp\/v2\/types\/post"}],"author":[{"embeddable":true,"href":"https:\/\/zeitaufsee.de\/en\/wp-json\/wp\/v2\/users\/1"}],"replies":[{"embeddable":true,"href":"https:\/\/zeitaufsee.de\/en\/wp-json\/wp\/v2\/comments?post=2795"}],"version-history":[{"count":5,"href":"https:\/\/zeitaufsee.de\/en\/wp-json\/wp\/v2\/posts\/2795\/revisions"}],"predecessor-version":[{"id":2907,"href":"https:\/\/zeitaufsee.de\/en\/wp-json\/wp\/v2\/posts\/2795\/revisions\/2907"}],"wp:featuredmedia":[{"embeddable":true,"href":"https:\/\/zeitaufsee.de\/en\/wp-json\/wp\/v2\/media\/2796"}],"wp:attachment":[{"href":"https:\/\/zeitaufsee.de\/en\/wp-json\/wp\/v2\/media?parent=2795"}],"wp:term":[{"taxonomy":"category","embeddable":true,"href":"https:\/\/zeitaufsee.de\/en\/wp-json\/wp\/v2\/categories?post=2795"},{"taxonomy":"post_tag","embeddable":true,"href":"https:\/\/zeitaufsee.de\/en\/wp-json\/wp\/v2\/tags?post=2795"}],"curies":[{"name":"wp","href":"https:\/\/api.w.org\/{rel}","templated":true}]}}