{"id":2722,"date":"2025-09-03T14:55:26","date_gmt":"2025-09-03T12:55:26","guid":{"rendered":"https:\/\/zeitaufsee.de\/?p=2722"},"modified":"2025-09-03T14:55:57","modified_gmt":"2025-09-03T12:55:57","slug":"anreise","status":"publish","type":"post","link":"https:\/\/zeitaufsee.de\/en\/2025\/09\/03\/anreise\/","title":{"rendered":"Anreise"},"content":{"rendered":"<p>12:30, die Sone scheint, wir setzen auf der langen Piste auf und rollen zum Terminal ab. Fiumicino steht da in gro\u00dfen Lettern. Rom. Nicht Florenz, wie geplant. Auf dem Weg zum Flughafen heute Morgen habe ich gesehen, dass noch f\u00fcnf Leute kurzfristig ein Ticket gekauft haben und die Maschine pl\u00f6tzlich \u00fcberbucht war. Alle Flieger in die Toskana sind heute voll. Auch die nach Rom. Bis auf die LH232 um 10:40, die hat noch Pl\u00e4tze. Die Uhr im Taxi zeigt 09:42.<br>Jetzt wird&#8217;s eng. Unsere Entscheidung f\u00e4llt schnell. Ich buche per Handy Rom und will auch gleich einchecken. Leider funktioniert das nicht, weil wir bereits nach Florenz eingecheckt sind. Wir gehen zum Business- Schalter und stehen in einer Warteschlange, weil nur zwei Counter belegt sind. 10:08. In zwei Minuten beginnt das Boarding. Wir werden manuell eingecheckt. Der Flieger geht von A18. 10 Min Fu\u00dfweg, f\u00fcnf, wenn man rennt. An der Security steht eine richtig lange Schlange. Wir bitten die Leute, uns vorzulassen und sagen mehrfach Danke.<br>Leider werden alle drei K\u00f6rbe von uns zur intensivkontrolle aussortiert. Kurz darauf steht die ganze Anlage, nachdem eine gro\u00dfe rote Warnlampe aufleuchtet. Das Personal wirkt aufgeregt, einer greift zum Telefon, kurz darauf stehen drei schwer bewaffnete Polizisten in der Anlage. Nichts geht mehr und einer der Ordnungsh\u00fcter kl\u00e4rt uns auf, dass das so bleibt, bis das Problem gekl\u00e4rt ist, die drei \u00fcbergro\u00dfen Gep\u00e4ckst\u00fccke eines blassen jungen Mannes in Sportshorts und T-Shirt. Wer hat ihm dieses Handgep\u00e4ck durchgehen lassen, frage ich mich gegen 10:23. Ich bleibe freundlich und spreche die zwei Passagiere vor uns in der Sonderkontrolle an, ob sie es eilig h\u00e4tten. Sie stimmen zu, uns vorzulassen, sobald es weitergeht, um 10:29 schlie\u00dflich, endlich und der freundliche Mann an der Security kontrolliert unsere Taschen nur scheinbar und w\u00fcnscht uns Gute Reise, als wir die Sachen aus den K\u00f6rben nehmen und anfangen zu rennen.<br>Schon denken wir an die ewige Stadt, planen spontan eine kleine Reise durch die Toskana, buchen online einen Cinquecento<br>&#8230;. und stehen jetzt seit einer Stunde in der Warteschlange der Autovermietung.<\/p>\n\n\n\n<p>Es ist 14:28, der Tag halb vor\u00fcber. Mir scheint, die Odyssee liegt mitunter mehr im Abenteuer der An- und Abreise als in allem anderen.<\/p>","protected":false},"excerpt":{"rendered":"<p>12:30, die Sone scheint, wir setzen auf der langen Piste auf und rollen zum Terminal ab. Fiumicino steht da in gro\u00dfen Lettern. Rom. Nicht Florenz, wie geplant. Auf dem Weg zum Flughafen heute Morgen habe ich gesehen, dass noch f\u00fcnf Leute kurzfristig ein Ticket gekauft haben und die Maschine pl\u00f6tzlich \u00fcberbucht war. Alle Flieger in [&hellip;]<\/p>\n","protected":false},"author":1,"featured_media":2721,"comment_status":"open","ping_status":"open","sticky":false,"template":"","format":"standard","meta":{"_et_pb_use_builder":"","_et_pb_old_content":"","_et_gb_content_width":"","_lmt_disableupdate":"","_lmt_disable":"","footnotes":""},"categories":[24],"tags":[108,109,110],"class_list":["post-2722","post","type-post","status-publish","format-standard","has-post-thumbnail","hentry","category-odyssee","tag-anreise","tag-flug","tag-rom"],"yoast_head":"<!-- This site is optimized with the Yoast SEO plugin v27.2 - https:\/\/yoast.com\/product\/yoast-seo-wordpress\/ -->\n<title>Anreise - Zeit auf See<\/title>\n<meta name=\"robots\" content=\"index, follow, max-snippet:-1, max-image-preview:large, max-video-preview:-1\" \/>\n<link rel=\"canonical\" href=\"https:\/\/zeitaufsee.de\/en\/2025\/09\/03\/anreise\/\" \/>\n<meta property=\"og:locale\" content=\"en_GB\" \/>\n<meta property=\"og:type\" content=\"article\" \/>\n<meta property=\"og:title\" content=\"Anreise - Zeit auf See\" \/>\n<meta property=\"og:description\" content=\"12:30, die Sone scheint, wir setzen auf der langen Piste auf und rollen zum Terminal ab. Fiumicino steht da in gro\u00dfen Lettern. Rom. Nicht Florenz, wie geplant. Auf dem Weg zum Flughafen heute Morgen habe ich gesehen, dass noch f\u00fcnf Leute kurzfristig ein Ticket gekauft haben und die Maschine pl\u00f6tzlich \u00fcberbucht war. Alle Flieger in [&hellip;]\" \/>\n<meta property=\"og:url\" content=\"https:\/\/zeitaufsee.de\/en\/2025\/09\/03\/anreise\/\" \/>\n<meta property=\"og:site_name\" content=\"Zeit auf See\" \/>\n<meta property=\"article:published_time\" content=\"2025-09-03T12:55:26+00:00\" \/>\n<meta property=\"article:modified_time\" content=\"2025-09-03T12:55:57+00:00\" \/>\n<meta property=\"og:image\" content=\"https:\/\/zeitaufsee.de\/wp-content\/uploads\/2025\/09\/Screenshot_20250903_145233_Startpage.jpg\" \/>\n\t<meta property=\"og:image:width\" content=\"937\" \/>\n\t<meta property=\"og:image:height\" content=\"611\" \/>\n\t<meta property=\"og:image:type\" content=\"image\/jpeg\" \/>\n<meta name=\"author\" content=\"KMF\" \/>\n<meta name=\"twitter:card\" content=\"summary_large_image\" \/>\n<meta name=\"twitter:label1\" content=\"Written by\" \/>\n\t<meta name=\"twitter:data1\" content=\"KMF\" \/>\n\t<meta name=\"twitter:label2\" content=\"Estimated reading time\" \/>\n\t<meta name=\"twitter:data2\" content=\"2 minutes\" \/>\n<script type=\"application\/ld+json\" class=\"yoast-schema-graph\">{\"@context\":\"https:\/\/schema.org\",\"@graph\":[{\"@type\":\"Article\",\"@id\":\"https:\/\/zeitaufsee.de\/2025\/09\/03\/anreise\/#article\",\"isPartOf\":{\"@id\":\"https:\/\/zeitaufsee.de\/2025\/09\/03\/anreise\/\"},\"author\":{\"name\":\"KMF\",\"@id\":\"https:\/\/zeitaufsee.de\/#\/schema\/person\/ed712c226220d727ae1df433d7756cb5\"},\"headline\":\"Anreise\",\"datePublished\":\"2025-09-03T12:55:26+00:00\",\"dateModified\":\"2025-09-03T12:55:57+00:00\",\"mainEntityOfPage\":{\"@id\":\"https:\/\/zeitaufsee.de\/2025\/09\/03\/anreise\/\"},\"wordCount\":377,\"commentCount\":0,\"image\":{\"@id\":\"https:\/\/zeitaufsee.de\/2025\/09\/03\/anreise\/#primaryimage\"},\"thumbnailUrl\":\"https:\/\/zeitaufsee.de\/wp-content\/uploads\/2025\/09\/Screenshot_20250903_145233_Startpage.jpg\",\"keywords\":[\"Anreise\",\"Flug\",\"Rom\"],\"articleSection\":[\"Odyssee\"],\"inLanguage\":\"en-GB\",\"potentialAction\":[{\"@type\":\"CommentAction\",\"name\":\"Comment\",\"target\":[\"https:\/\/zeitaufsee.de\/2025\/09\/03\/anreise\/#respond\"]}]},{\"@type\":\"WebPage\",\"@id\":\"https:\/\/zeitaufsee.de\/2025\/09\/03\/anreise\/\",\"url\":\"https:\/\/zeitaufsee.de\/2025\/09\/03\/anreise\/\",\"name\":\"Anreise - Zeit auf See\",\"isPartOf\":{\"@id\":\"https:\/\/zeitaufsee.de\/#website\"},\"primaryImageOfPage\":{\"@id\":\"https:\/\/zeitaufsee.de\/2025\/09\/03\/anreise\/#primaryimage\"},\"image\":{\"@id\":\"https:\/\/zeitaufsee.de\/2025\/09\/03\/anreise\/#primaryimage\"},\"thumbnailUrl\":\"https:\/\/zeitaufsee.de\/wp-content\/uploads\/2025\/09\/Screenshot_20250903_145233_Startpage.jpg\",\"datePublished\":\"2025-09-03T12:55:26+00:00\",\"dateModified\":\"2025-09-03T12:55:57+00:00\",\"author\":{\"@id\":\"https:\/\/zeitaufsee.de\/#\/schema\/person\/ed712c226220d727ae1df433d7756cb5\"},\"breadcrumb\":{\"@id\":\"https:\/\/zeitaufsee.de\/2025\/09\/03\/anreise\/#breadcrumb\"},\"inLanguage\":\"en-GB\",\"potentialAction\":[{\"@type\":\"ReadAction\",\"target\":[\"https:\/\/zeitaufsee.de\/2025\/09\/03\/anreise\/\"]}]},{\"@type\":\"ImageObject\",\"inLanguage\":\"en-GB\",\"@id\":\"https:\/\/zeitaufsee.de\/2025\/09\/03\/anreise\/#primaryimage\",\"url\":\"https:\/\/zeitaufsee.de\/wp-content\/uploads\/2025\/09\/Screenshot_20250903_145233_Startpage.jpg\",\"contentUrl\":\"https:\/\/zeitaufsee.de\/wp-content\/uploads\/2025\/09\/Screenshot_20250903_145233_Startpage.jpg\",\"width\":937,\"height\":611},{\"@type\":\"BreadcrumbList\",\"@id\":\"https:\/\/zeitaufsee.de\/2025\/09\/03\/anreise\/#breadcrumb\",\"itemListElement\":[{\"@type\":\"ListItem\",\"position\":1,\"name\":\"Startseite\",\"item\":\"https:\/\/zeitaufsee.de\/\"},{\"@type\":\"ListItem\",\"position\":2,\"name\":\"Anreise\"}]},{\"@type\":\"WebSite\",\"@id\":\"https:\/\/zeitaufsee.de\/#website\",\"url\":\"https:\/\/zeitaufsee.de\/\",\"name\":\"Zeit auf See\",\"description\":\"Auf den Spuren des Odysseus\",\"potentialAction\":[{\"@type\":\"SearchAction\",\"target\":{\"@type\":\"EntryPoint\",\"urlTemplate\":\"https:\/\/zeitaufsee.de\/?s={search_term_string}\"},\"query-input\":{\"@type\":\"PropertyValueSpecification\",\"valueRequired\":true,\"valueName\":\"search_term_string\"}}],\"inLanguage\":\"en-GB\"},{\"@type\":\"Person\",\"@id\":\"https:\/\/zeitaufsee.de\/#\/schema\/person\/ed712c226220d727ae1df433d7756cb5\",\"name\":\"KMF\",\"image\":{\"@type\":\"ImageObject\",\"inLanguage\":\"en-GB\",\"@id\":\"http:\/\/zeitaufsee.de\/wp-content\/uploads\/2022\/10\/KMF-AutorPix-e1670146290576.jpg\",\"url\":\"http:\/\/zeitaufsee.de\/wp-content\/uploads\/2022\/10\/KMF-AutorPix-e1670146290576.jpg\",\"contentUrl\":\"http:\/\/zeitaufsee.de\/wp-content\/uploads\/2022\/10\/KMF-AutorPix-e1670146290576.jpg\",\"caption\":\"KMF\"},\"description\":\"Segler, Autor\",\"sameAs\":[\"https:\/\/klausmariafischer.de\"],\"url\":\"https:\/\/zeitaufsee.de\/en\/author\/web22598256\/\"}]}<\/script>\n<!-- \/ Yoast SEO plugin. -->","yoast_head_json":{"title":"Anreise - Zeit auf See","robots":{"index":"index","follow":"follow","max-snippet":"max-snippet:-1","max-image-preview":"max-image-preview:large","max-video-preview":"max-video-preview:-1"},"canonical":"https:\/\/zeitaufsee.de\/en\/2025\/09\/03\/anreise\/","og_locale":"en_GB","og_type":"article","og_title":"Anreise - Zeit auf See","og_description":"12:30, die Sone scheint, wir setzen auf der langen Piste auf und rollen zum Terminal ab. Fiumicino steht da in gro\u00dfen Lettern. Rom. Nicht Florenz, wie geplant. Auf dem Weg zum Flughafen heute Morgen habe ich gesehen, dass noch f\u00fcnf Leute kurzfristig ein Ticket gekauft haben und die Maschine pl\u00f6tzlich \u00fcberbucht war. Alle Flieger in [&hellip;]","og_url":"https:\/\/zeitaufsee.de\/en\/2025\/09\/03\/anreise\/","og_site_name":"Zeit auf See","article_published_time":"2025-09-03T12:55:26+00:00","article_modified_time":"2025-09-03T12:55:57+00:00","og_image":[{"width":937,"height":611,"url":"https:\/\/zeitaufsee.de\/wp-content\/uploads\/2025\/09\/Screenshot_20250903_145233_Startpage.jpg","type":"image\/jpeg"}],"author":"KMF","twitter_card":"summary_large_image","twitter_misc":{"Written by":"KMF","Estimated reading time":"2 minutes"},"schema":{"@context":"https:\/\/schema.org","@graph":[{"@type":"Article","@id":"https:\/\/zeitaufsee.de\/2025\/09\/03\/anreise\/#article","isPartOf":{"@id":"https:\/\/zeitaufsee.de\/2025\/09\/03\/anreise\/"},"author":{"name":"KMF","@id":"https:\/\/zeitaufsee.de\/#\/schema\/person\/ed712c226220d727ae1df433d7756cb5"},"headline":"Anreise","datePublished":"2025-09-03T12:55:26+00:00","dateModified":"2025-09-03T12:55:57+00:00","mainEntityOfPage":{"@id":"https:\/\/zeitaufsee.de\/2025\/09\/03\/anreise\/"},"wordCount":377,"commentCount":0,"image":{"@id":"https:\/\/zeitaufsee.de\/2025\/09\/03\/anreise\/#primaryimage"},"thumbnailUrl":"https:\/\/zeitaufsee.de\/wp-content\/uploads\/2025\/09\/Screenshot_20250903_145233_Startpage.jpg","keywords":["Anreise","Flug","Rom"],"articleSection":["Odyssee"],"inLanguage":"en-GB","potentialAction":[{"@type":"CommentAction","name":"Comment","target":["https:\/\/zeitaufsee.de\/2025\/09\/03\/anreise\/#respond"]}]},{"@type":"WebPage","@id":"https:\/\/zeitaufsee.de\/2025\/09\/03\/anreise\/","url":"https:\/\/zeitaufsee.de\/2025\/09\/03\/anreise\/","name":"Anreise - Zeit auf See","isPartOf":{"@id":"https:\/\/zeitaufsee.de\/#website"},"primaryImageOfPage":{"@id":"https:\/\/zeitaufsee.de\/2025\/09\/03\/anreise\/#primaryimage"},"image":{"@id":"https:\/\/zeitaufsee.de\/2025\/09\/03\/anreise\/#primaryimage"},"thumbnailUrl":"https:\/\/zeitaufsee.de\/wp-content\/uploads\/2025\/09\/Screenshot_20250903_145233_Startpage.jpg","datePublished":"2025-09-03T12:55:26+00:00","dateModified":"2025-09-03T12:55:57+00:00","author":{"@id":"https:\/\/zeitaufsee.de\/#\/schema\/person\/ed712c226220d727ae1df433d7756cb5"},"breadcrumb":{"@id":"https:\/\/zeitaufsee.de\/2025\/09\/03\/anreise\/#breadcrumb"},"inLanguage":"en-GB","potentialAction":[{"@type":"ReadAction","target":["https:\/\/zeitaufsee.de\/2025\/09\/03\/anreise\/"]}]},{"@type":"ImageObject","inLanguage":"en-GB","@id":"https:\/\/zeitaufsee.de\/2025\/09\/03\/anreise\/#primaryimage","url":"https:\/\/zeitaufsee.de\/wp-content\/uploads\/2025\/09\/Screenshot_20250903_145233_Startpage.jpg","contentUrl":"https:\/\/zeitaufsee.de\/wp-content\/uploads\/2025\/09\/Screenshot_20250903_145233_Startpage.jpg","width":937,"height":611},{"@type":"BreadcrumbList","@id":"https:\/\/zeitaufsee.de\/2025\/09\/03\/anreise\/#breadcrumb","itemListElement":[{"@type":"ListItem","position":1,"name":"Startseite","item":"https:\/\/zeitaufsee.de\/"},{"@type":"ListItem","position":2,"name":"Anreise"}]},{"@type":"WebSite","@id":"https:\/\/zeitaufsee.de\/#website","url":"https:\/\/zeitaufsee.de\/","name":"Time at Sea","description":"Auf den Spuren des Odysseus","potentialAction":[{"@type":"SearchAction","target":{"@type":"EntryPoint","urlTemplate":"https:\/\/zeitaufsee.de\/?s={search_term_string}"},"query-input":{"@type":"PropertyValueSpecification","valueRequired":true,"valueName":"search_term_string"}}],"inLanguage":"en-GB"},{"@type":"Person","@id":"https:\/\/zeitaufsee.de\/#\/schema\/person\/ed712c226220d727ae1df433d7756cb5","name":"KMF","image":{"@type":"ImageObject","inLanguage":"en-GB","@id":"http:\/\/zeitaufsee.de\/wp-content\/uploads\/2022\/10\/KMF-AutorPix-e1670146290576.jpg","url":"http:\/\/zeitaufsee.de\/wp-content\/uploads\/2022\/10\/KMF-AutorPix-e1670146290576.jpg","contentUrl":"http:\/\/zeitaufsee.de\/wp-content\/uploads\/2022\/10\/KMF-AutorPix-e1670146290576.jpg","caption":"KMF"},"description":"Segler, Autor","sameAs":["https:\/\/klausmariafischer.de"],"url":"https:\/\/zeitaufsee.de\/en\/author\/web22598256\/"}]}},"modified_by":null,"_links":{"self":[{"href":"https:\/\/zeitaufsee.de\/en\/wp-json\/wp\/v2\/posts\/2722","targetHints":{"allow":["GET"]}}],"collection":[{"href":"https:\/\/zeitaufsee.de\/en\/wp-json\/wp\/v2\/posts"}],"about":[{"href":"https:\/\/zeitaufsee.de\/en\/wp-json\/wp\/v2\/types\/post"}],"author":[{"embeddable":true,"href":"https:\/\/zeitaufsee.de\/en\/wp-json\/wp\/v2\/users\/1"}],"replies":[{"embeddable":true,"href":"https:\/\/zeitaufsee.de\/en\/wp-json\/wp\/v2\/comments?post=2722"}],"version-history":[{"count":1,"href":"https:\/\/zeitaufsee.de\/en\/wp-json\/wp\/v2\/posts\/2722\/revisions"}],"predecessor-version":[{"id":2723,"href":"https:\/\/zeitaufsee.de\/en\/wp-json\/wp\/v2\/posts\/2722\/revisions\/2723"}],"wp:featuredmedia":[{"embeddable":true,"href":"https:\/\/zeitaufsee.de\/en\/wp-json\/wp\/v2\/media\/2721"}],"wp:attachment":[{"href":"https:\/\/zeitaufsee.de\/en\/wp-json\/wp\/v2\/media?parent=2722"}],"wp:term":[{"taxonomy":"category","embeddable":true,"href":"https:\/\/zeitaufsee.de\/en\/wp-json\/wp\/v2\/categories?post=2722"},{"taxonomy":"post_tag","embeddable":true,"href":"https:\/\/zeitaufsee.de\/en\/wp-json\/wp\/v2\/tags?post=2722"}],"curies":[{"name":"wp","href":"https:\/\/api.w.org\/{rel}","templated":true}]}}