{"id":2631,"date":"2025-06-04T21:40:12","date_gmt":"2025-06-04T19:40:12","guid":{"rendered":"https:\/\/zeitaufsee.de\/?p=2631"},"modified":"2025-06-05T15:30:10","modified_gmt":"2025-06-05T13:30:10","slug":"wo-das-wasser-endet","status":"publish","type":"post","link":"https:\/\/zeitaufsee.de\/en\/2025\/06\/04\/wo-das-wasser-endet\/","title":{"rendered":"Wo das Wasser endet"},"content":{"rendered":"<p>Meine Frau parkt gern in der ersten Reihe. Wenn sie in den REWE f\u00e4hrt, nimmt sie den Parkplatz vor dem Eingang ins Visier. Wenn wir nach Bad Homburg zum Essen gehen, w\u00e4hlt sie nicht den Weg ins nahe Parkhaus, sondern f\u00e4hrt vor das Restaurant, um dort einen der wenigen Parkpl\u00e4tze zu ergattern. Zur Ausstellungser\u00f6ffnung einer Galerie in Sachsenhausen f\u00e4hrt sie auf den Schweizer Platz, als g\u00e4be es dort Freitagabend um Neunzehn Uhr einen Platz direkt vor der T\u00fcr.<br>Das Erstaunliche: Sie bekommt immer den Platz ihrer Wahl. Es ist nicht zu fassen. Der gesunde Menschenverstand fl\u00fcstert einem zu: Nimm das Parkhaus, W\u00e4hle eine Seitenstra\u00dfe, Geh&#8216; die paar Meter in den REWE zu Fu\u00df.<br>Nein. Carola will den Platz ganz vorne. Und sie bekommt ihn. Das versetzt mich immer wieder in Staunen. Ich pl\u00e4diere regelm\u00e4\u00dfig f\u00fcr Vernunft, verweise auf den erw\u00e4hnten gesunden Menschenverstand, manchmal sogar auf die absolute Unm\u00f6glichkeit ihres Vorhabens. Vergeblich.<\/p>\n\n\n\n<p>Heute Morgen lichteten wir Anker in Pt. Andratx, um uns ein St\u00fcck nach Osten vorzuarbeiten, und einen geeigneten Hafen zu finden, in der wir Bootspflege betreiben k\u00f6nnen. Die Marina von Santa Ponsa als erste Wahl. Alternativ Palma. Dieser Riesenhafen mit einem Dutzend Marinas, Luxusyachten, Kreuzfahrtschiffen, Charterbasen. Ich bin schon am Zweifeln, ob das ein valider Plan B ist, und Santa Ponsa will uns leider nicht. Der pittoreske Hafen ist voll.<br>Carola sagt: Lass uns nach Palma fahren.<br>Ich halte dagegen, glaube, dass es in der Inselhauptstadt erst recht schwierig wird, einen Platz zu finden.<br>Doch doch. Ich habe ein gutes Gef\u00fchl. Das sagt sich leicht. Ich sch\u00fcttle den Kopf. Mit einem guten Gef\u00fchl allein hat keiner je einen Liegeplatz im Hafen von Palma bekommen.<br>Wir versuchen es per Telefon, per E-Mail, bei Ann\u00e4herung an den Hafen auch per Funk. Immer die gleiche Antwort. Wir laufen am Paseo Maritim sogar in eine Chartmarina ein. Sie ist halb leer. Doch als wir auf Kanal Acht nach mehreren Versuchen den Marinero erreichen, l\u00e4sst der uns kalt abblitzen. Fully booked. Dass ich nicht lache. Ich denke, wir werden das dringend ben\u00f6tigte Frischwasser an der Tankstelle aufnehmen und dann, Plan C, in einer Bucht s\u00fcdlich von Palma vor Anker gehen. Ich drehe bereits das Boot auf dem Weg nach drau\u00dfen, als Carola sich noch mit Einem unterh\u00e4lt, der auf dem nahen Pier seiner Arbeit nachgeht.<br>Wir probieren es noch dahinten, in der La Lonja Marina, sagt sie.<br>Schon klar, ganz vorne, nur wenige Meter von der Altstadt entfernt.<br>Jaja, sie deutet in die Richtung, und wechselt den Kanal am Handfunkger\u00e4t. Ich h\u00f6re nur Si, Yes, a la derecha, stay to the right, und fahre die Dream Chaser durch den Kanal, in dem links und rechts sich das Wasser des Hafenbeckens an den polierten R\u00fcmpfen von Traumyachten spiegelt. Dahinter liegen noch fast versteckt zwei Stege f\u00fcr kleinere Yachten. Zwei Marineros in roten Shirts winken uns zu, ich folge ihren Anweisungen und zehn Minuten sp\u00e4ter machen wir ganz hinten fest, wo das Wasser endet und die Stadt anf\u00e4ngt.<br>Nachdem die Motoren abgestellt sind und die Anspannung des engen Anlegens von mir gefallen ist, sehe ich mich um. Die Stadtmauer der Altstadt verl\u00e4uft hier und hinter den Masten der Nachbarboote, keine f\u00fcnf Minuten zu Fu\u00df entfernt, thront die Kathedrale. Erinnerungen an unsere vielen sch\u00f6nen Aufenthalte in der Stadft mischen sich ins Bild. Wir liegen mitten in Palma, in erster Reihe, und w\u00e4re es nach mir gegangen, ich h\u00e4tte vor einer Stunde abgedreht und mich in irgendeine Bucht verdr\u00fcckt. Grinsend sch\u00fcttele ich den Kopf, w\u00e4hrend meine Penelope den Marinero noch um zehn Prozent runterhandelt.<br>Wie macht sie das blo\u00df?<\/p>","protected":false},"excerpt":{"rendered":"<p>Meine Frau parkt gern in der ersten Reihe. Wenn sie in den REWE f\u00e4hrt, nimmt sie den Parkplatz vor dem Eingang ins Visier. Wenn wir nach Bad Homburg zum Essen gehen, w\u00e4hlt sie nicht den Weg ins nahe Parkhaus, sondern f\u00e4hrt vor das Restaurant, um dort einen der wenigen Parkpl\u00e4tze zu ergattern. Zur Ausstellungser\u00f6ffnung einer [&hellip;]<\/p>\n","protected":false},"author":1,"featured_media":2637,"comment_status":"closed","ping_status":"closed","sticky":false,"template":"","format":"standard","meta":{"_et_pb_use_builder":"","_et_pb_old_content":"","_et_gb_content_width":"","_lmt_disableupdate":"","_lmt_disable":"","footnotes":""},"categories":[24],"tags":[],"class_list":["post-2631","post","type-post","status-publish","format-standard","has-post-thumbnail","hentry","category-odyssee"],"yoast_head":"<!-- This site is optimized with the Yoast SEO plugin v27.2 - https:\/\/yoast.com\/product\/yoast-seo-wordpress\/ -->\n<title>Wo das Wasser endet - Zeit auf See<\/title>\n<meta name=\"robots\" content=\"index, follow, max-snippet:-1, max-image-preview:large, max-video-preview:-1\" \/>\n<link rel=\"canonical\" href=\"https:\/\/zeitaufsee.de\/en\/2025\/06\/04\/wo-das-wasser-endet\/\" \/>\n<meta property=\"og:locale\" content=\"en_GB\" \/>\n<meta property=\"og:type\" content=\"article\" \/>\n<meta property=\"og:title\" content=\"Wo das Wasser endet - Zeit auf See\" \/>\n<meta property=\"og:description\" content=\"Meine Frau parkt gern in der ersten Reihe. Wenn sie in den REWE f\u00e4hrt, nimmt sie den Parkplatz vor dem Eingang ins Visier. Wenn wir nach Bad Homburg zum Essen gehen, w\u00e4hlt sie nicht den Weg ins nahe Parkhaus, sondern f\u00e4hrt vor das Restaurant, um dort einen der wenigen Parkpl\u00e4tze zu ergattern. Zur Ausstellungser\u00f6ffnung einer [&hellip;]\" \/>\n<meta property=\"og:url\" content=\"https:\/\/zeitaufsee.de\/en\/2025\/06\/04\/wo-das-wasser-endet\/\" \/>\n<meta property=\"og:site_name\" content=\"Zeit auf See\" \/>\n<meta property=\"article:published_time\" content=\"2025-06-04T19:40:12+00:00\" \/>\n<meta property=\"article:modified_time\" content=\"2025-06-05T13:30:10+00:00\" \/>\n<meta property=\"og:image\" content=\"https:\/\/zeitaufsee.de\/wp-content\/uploads\/2025\/06\/1000072689.jpg\" \/>\n\t<meta property=\"og:image:width\" content=\"1268\" \/>\n\t<meta property=\"og:image:height\" content=\"853\" \/>\n\t<meta property=\"og:image:type\" content=\"image\/jpeg\" \/>\n<meta name=\"author\" content=\"KMF\" \/>\n<meta name=\"twitter:card\" content=\"summary_large_image\" \/>\n<meta name=\"twitter:label1\" content=\"Written by\" \/>\n\t<meta name=\"twitter:data1\" content=\"KMF\" \/>\n\t<meta name=\"twitter:label2\" content=\"Estimated reading time\" \/>\n\t<meta name=\"twitter:data2\" content=\"4 minutes\" \/>\n<script type=\"application\/ld+json\" class=\"yoast-schema-graph\">{\"@context\":\"https:\/\/schema.org\",\"@graph\":[{\"@type\":\"Article\",\"@id\":\"https:\/\/zeitaufsee.de\/2025\/06\/04\/wo-das-wasser-endet\/#article\",\"isPartOf\":{\"@id\":\"https:\/\/zeitaufsee.de\/2025\/06\/04\/wo-das-wasser-endet\/\"},\"author\":{\"name\":\"KMF\",\"@id\":\"https:\/\/zeitaufsee.de\/#\/schema\/person\/ed712c226220d727ae1df433d7756cb5\"},\"headline\":\"Wo das Wasser endet\",\"datePublished\":\"2025-06-04T19:40:12+00:00\",\"dateModified\":\"2025-06-05T13:30:10+00:00\",\"mainEntityOfPage\":{\"@id\":\"https:\/\/zeitaufsee.de\/2025\/06\/04\/wo-das-wasser-endet\/\"},\"wordCount\":636,\"image\":{\"@id\":\"https:\/\/zeitaufsee.de\/2025\/06\/04\/wo-das-wasser-endet\/#primaryimage\"},\"thumbnailUrl\":\"https:\/\/zeitaufsee.de\/wp-content\/uploads\/2025\/06\/1000072689.jpg\",\"articleSection\":[\"Odyssee\"],\"inLanguage\":\"en-GB\"},{\"@type\":\"WebPage\",\"@id\":\"https:\/\/zeitaufsee.de\/2025\/06\/04\/wo-das-wasser-endet\/\",\"url\":\"https:\/\/zeitaufsee.de\/2025\/06\/04\/wo-das-wasser-endet\/\",\"name\":\"Wo das Wasser endet - Zeit auf See\",\"isPartOf\":{\"@id\":\"https:\/\/zeitaufsee.de\/#website\"},\"primaryImageOfPage\":{\"@id\":\"https:\/\/zeitaufsee.de\/2025\/06\/04\/wo-das-wasser-endet\/#primaryimage\"},\"image\":{\"@id\":\"https:\/\/zeitaufsee.de\/2025\/06\/04\/wo-das-wasser-endet\/#primaryimage\"},\"thumbnailUrl\":\"https:\/\/zeitaufsee.de\/wp-content\/uploads\/2025\/06\/1000072689.jpg\",\"datePublished\":\"2025-06-04T19:40:12+00:00\",\"dateModified\":\"2025-06-05T13:30:10+00:00\",\"author\":{\"@id\":\"https:\/\/zeitaufsee.de\/#\/schema\/person\/ed712c226220d727ae1df433d7756cb5\"},\"breadcrumb\":{\"@id\":\"https:\/\/zeitaufsee.de\/2025\/06\/04\/wo-das-wasser-endet\/#breadcrumb\"},\"inLanguage\":\"en-GB\",\"potentialAction\":[{\"@type\":\"ReadAction\",\"target\":[\"https:\/\/zeitaufsee.de\/2025\/06\/04\/wo-das-wasser-endet\/\"]}]},{\"@type\":\"ImageObject\",\"inLanguage\":\"en-GB\",\"@id\":\"https:\/\/zeitaufsee.de\/2025\/06\/04\/wo-das-wasser-endet\/#primaryimage\",\"url\":\"https:\/\/zeitaufsee.de\/wp-content\/uploads\/2025\/06\/1000072689.jpg\",\"contentUrl\":\"https:\/\/zeitaufsee.de\/wp-content\/uploads\/2025\/06\/1000072689.jpg\",\"width\":1268,\"height\":853},{\"@type\":\"BreadcrumbList\",\"@id\":\"https:\/\/zeitaufsee.de\/2025\/06\/04\/wo-das-wasser-endet\/#breadcrumb\",\"itemListElement\":[{\"@type\":\"ListItem\",\"position\":1,\"name\":\"Startseite\",\"item\":\"https:\/\/zeitaufsee.de\/\"},{\"@type\":\"ListItem\",\"position\":2,\"name\":\"Wo das Wasser endet\"}]},{\"@type\":\"WebSite\",\"@id\":\"https:\/\/zeitaufsee.de\/#website\",\"url\":\"https:\/\/zeitaufsee.de\/\",\"name\":\"Zeit auf See\",\"description\":\"Auf den Spuren des Odysseus\",\"potentialAction\":[{\"@type\":\"SearchAction\",\"target\":{\"@type\":\"EntryPoint\",\"urlTemplate\":\"https:\/\/zeitaufsee.de\/?s={search_term_string}\"},\"query-input\":{\"@type\":\"PropertyValueSpecification\",\"valueRequired\":true,\"valueName\":\"search_term_string\"}}],\"inLanguage\":\"en-GB\"},{\"@type\":\"Person\",\"@id\":\"https:\/\/zeitaufsee.de\/#\/schema\/person\/ed712c226220d727ae1df433d7756cb5\",\"name\":\"KMF\",\"image\":{\"@type\":\"ImageObject\",\"inLanguage\":\"en-GB\",\"@id\":\"http:\/\/zeitaufsee.de\/wp-content\/uploads\/2022\/10\/KMF-AutorPix-e1670146290576.jpg\",\"url\":\"http:\/\/zeitaufsee.de\/wp-content\/uploads\/2022\/10\/KMF-AutorPix-e1670146290576.jpg\",\"contentUrl\":\"http:\/\/zeitaufsee.de\/wp-content\/uploads\/2022\/10\/KMF-AutorPix-e1670146290576.jpg\",\"caption\":\"KMF\"},\"description\":\"Segler, Autor\",\"sameAs\":[\"https:\/\/klausmariafischer.de\"],\"url\":\"https:\/\/zeitaufsee.de\/en\/author\/web22598256\/\"}]}<\/script>\n<!-- \/ Yoast SEO plugin. -->","yoast_head_json":{"title":"Wo das Wasser endet - Zeit auf See","robots":{"index":"index","follow":"follow","max-snippet":"max-snippet:-1","max-image-preview":"max-image-preview:large","max-video-preview":"max-video-preview:-1"},"canonical":"https:\/\/zeitaufsee.de\/en\/2025\/06\/04\/wo-das-wasser-endet\/","og_locale":"en_GB","og_type":"article","og_title":"Wo das Wasser endet - Zeit auf See","og_description":"Meine Frau parkt gern in der ersten Reihe. Wenn sie in den REWE f\u00e4hrt, nimmt sie den Parkplatz vor dem Eingang ins Visier. Wenn wir nach Bad Homburg zum Essen gehen, w\u00e4hlt sie nicht den Weg ins nahe Parkhaus, sondern f\u00e4hrt vor das Restaurant, um dort einen der wenigen Parkpl\u00e4tze zu ergattern. Zur Ausstellungser\u00f6ffnung einer [&hellip;]","og_url":"https:\/\/zeitaufsee.de\/en\/2025\/06\/04\/wo-das-wasser-endet\/","og_site_name":"Zeit auf See","article_published_time":"2025-06-04T19:40:12+00:00","article_modified_time":"2025-06-05T13:30:10+00:00","og_image":[{"width":1268,"height":853,"url":"https:\/\/zeitaufsee.de\/wp-content\/uploads\/2025\/06\/1000072689.jpg","type":"image\/jpeg"}],"author":"KMF","twitter_card":"summary_large_image","twitter_misc":{"Written by":"KMF","Estimated reading time":"4 minutes"},"schema":{"@context":"https:\/\/schema.org","@graph":[{"@type":"Article","@id":"https:\/\/zeitaufsee.de\/2025\/06\/04\/wo-das-wasser-endet\/#article","isPartOf":{"@id":"https:\/\/zeitaufsee.de\/2025\/06\/04\/wo-das-wasser-endet\/"},"author":{"name":"KMF","@id":"https:\/\/zeitaufsee.de\/#\/schema\/person\/ed712c226220d727ae1df433d7756cb5"},"headline":"Wo das Wasser endet","datePublished":"2025-06-04T19:40:12+00:00","dateModified":"2025-06-05T13:30:10+00:00","mainEntityOfPage":{"@id":"https:\/\/zeitaufsee.de\/2025\/06\/04\/wo-das-wasser-endet\/"},"wordCount":636,"image":{"@id":"https:\/\/zeitaufsee.de\/2025\/06\/04\/wo-das-wasser-endet\/#primaryimage"},"thumbnailUrl":"https:\/\/zeitaufsee.de\/wp-content\/uploads\/2025\/06\/1000072689.jpg","articleSection":["Odyssee"],"inLanguage":"en-GB"},{"@type":"WebPage","@id":"https:\/\/zeitaufsee.de\/2025\/06\/04\/wo-das-wasser-endet\/","url":"https:\/\/zeitaufsee.de\/2025\/06\/04\/wo-das-wasser-endet\/","name":"Wo das Wasser endet - Zeit auf See","isPartOf":{"@id":"https:\/\/zeitaufsee.de\/#website"},"primaryImageOfPage":{"@id":"https:\/\/zeitaufsee.de\/2025\/06\/04\/wo-das-wasser-endet\/#primaryimage"},"image":{"@id":"https:\/\/zeitaufsee.de\/2025\/06\/04\/wo-das-wasser-endet\/#primaryimage"},"thumbnailUrl":"https:\/\/zeitaufsee.de\/wp-content\/uploads\/2025\/06\/1000072689.jpg","datePublished":"2025-06-04T19:40:12+00:00","dateModified":"2025-06-05T13:30:10+00:00","author":{"@id":"https:\/\/zeitaufsee.de\/#\/schema\/person\/ed712c226220d727ae1df433d7756cb5"},"breadcrumb":{"@id":"https:\/\/zeitaufsee.de\/2025\/06\/04\/wo-das-wasser-endet\/#breadcrumb"},"inLanguage":"en-GB","potentialAction":[{"@type":"ReadAction","target":["https:\/\/zeitaufsee.de\/2025\/06\/04\/wo-das-wasser-endet\/"]}]},{"@type":"ImageObject","inLanguage":"en-GB","@id":"https:\/\/zeitaufsee.de\/2025\/06\/04\/wo-das-wasser-endet\/#primaryimage","url":"https:\/\/zeitaufsee.de\/wp-content\/uploads\/2025\/06\/1000072689.jpg","contentUrl":"https:\/\/zeitaufsee.de\/wp-content\/uploads\/2025\/06\/1000072689.jpg","width":1268,"height":853},{"@type":"BreadcrumbList","@id":"https:\/\/zeitaufsee.de\/2025\/06\/04\/wo-das-wasser-endet\/#breadcrumb","itemListElement":[{"@type":"ListItem","position":1,"name":"Startseite","item":"https:\/\/zeitaufsee.de\/"},{"@type":"ListItem","position":2,"name":"Wo das Wasser endet"}]},{"@type":"WebSite","@id":"https:\/\/zeitaufsee.de\/#website","url":"https:\/\/zeitaufsee.de\/","name":"Time at Sea","description":"Auf den Spuren des Odysseus","potentialAction":[{"@type":"SearchAction","target":{"@type":"EntryPoint","urlTemplate":"https:\/\/zeitaufsee.de\/?s={search_term_string}"},"query-input":{"@type":"PropertyValueSpecification","valueRequired":true,"valueName":"search_term_string"}}],"inLanguage":"en-GB"},{"@type":"Person","@id":"https:\/\/zeitaufsee.de\/#\/schema\/person\/ed712c226220d727ae1df433d7756cb5","name":"KMF","image":{"@type":"ImageObject","inLanguage":"en-GB","@id":"http:\/\/zeitaufsee.de\/wp-content\/uploads\/2022\/10\/KMF-AutorPix-e1670146290576.jpg","url":"http:\/\/zeitaufsee.de\/wp-content\/uploads\/2022\/10\/KMF-AutorPix-e1670146290576.jpg","contentUrl":"http:\/\/zeitaufsee.de\/wp-content\/uploads\/2022\/10\/KMF-AutorPix-e1670146290576.jpg","caption":"KMF"},"description":"Segler, Autor","sameAs":["https:\/\/klausmariafischer.de"],"url":"https:\/\/zeitaufsee.de\/en\/author\/web22598256\/"}]}},"modified_by":"KMF","_links":{"self":[{"href":"https:\/\/zeitaufsee.de\/en\/wp-json\/wp\/v2\/posts\/2631","targetHints":{"allow":["GET"]}}],"collection":[{"href":"https:\/\/zeitaufsee.de\/en\/wp-json\/wp\/v2\/posts"}],"about":[{"href":"https:\/\/zeitaufsee.de\/en\/wp-json\/wp\/v2\/types\/post"}],"author":[{"embeddable":true,"href":"https:\/\/zeitaufsee.de\/en\/wp-json\/wp\/v2\/users\/1"}],"replies":[{"embeddable":true,"href":"https:\/\/zeitaufsee.de\/en\/wp-json\/wp\/v2\/comments?post=2631"}],"version-history":[{"count":2,"href":"https:\/\/zeitaufsee.de\/en\/wp-json\/wp\/v2\/posts\/2631\/revisions"}],"predecessor-version":[{"id":2635,"href":"https:\/\/zeitaufsee.de\/en\/wp-json\/wp\/v2\/posts\/2631\/revisions\/2635"}],"wp:featuredmedia":[{"embeddable":true,"href":"https:\/\/zeitaufsee.de\/en\/wp-json\/wp\/v2\/media\/2637"}],"wp:attachment":[{"href":"https:\/\/zeitaufsee.de\/en\/wp-json\/wp\/v2\/media?parent=2631"}],"wp:term":[{"taxonomy":"category","embeddable":true,"href":"https:\/\/zeitaufsee.de\/en\/wp-json\/wp\/v2\/categories?post=2631"},{"taxonomy":"post_tag","embeddable":true,"href":"https:\/\/zeitaufsee.de\/en\/wp-json\/wp\/v2\/tags?post=2631"}],"curies":[{"name":"wp","href":"https:\/\/api.w.org\/{rel}","templated":true}]}}