{"id":2598,"date":"2025-05-29T17:34:44","date_gmt":"2025-05-29T15:34:44","guid":{"rendered":"https:\/\/zeitaufsee.de\/?p=2598"},"modified":"2025-05-29T17:53:06","modified_gmt":"2025-05-29T15:53:06","slug":"tribunal-de-las-aguas","status":"publish","type":"post","link":"https:\/\/zeitaufsee.de\/en\/2025\/05\/29\/tribunal-de-las-aguas\/","title":{"rendered":"Tribunal de las Aguas"},"content":{"rendered":"\n<p>Donnerstag, 12:00 Uhr, vor dem Tor de Apostel der Kathedrale von Valencia. Acht Landwirte in schwarzen Blusen sitzen im Halbkreis und beprechen sich in valencianischer Sprache. In Albufera, der Lagune vor der Stadt, ist man sich uneins \u00fcber die Bew\u00e4sserung der Reisfelder. Das Wetter spielt seit einigen Jahren verr\u00fcckt. Es ist ein st\u00e4ndiges Zuviel oder Zuwenig an Wasser, mit dem die Bauern zu k\u00e4mpfen haben. Zuletzt kam es sogar den Berg herunter und \u00fcberschwemmte das Land mit allem denkbaren Unrat. Die M\u00e4nner im Halbkreis urteilen, richten, schlichten und sprechen Recht. Das gilt und ist nicht zu berufen. Sie tun das seit mehr als tausend Jahren, haben es von den Mauren gelernt, als die ihre Heimat beherrschten.<\/p>\n\n\n\n<p>Wir sind am Morgen aua Denia angereist, wo unser Boot sicher im Hafen liegt. Der Aufenthalt in Valencia ist eine Einladung von Freunden von Freunden, die hier leben. Die zwei Tage, die wir hier haben, sind viel zu kurz, diese bunte und vielf\u00e4ltige Stadt kennenzulernen, in der mir vor allem der starke Kontrast der Archtektur aus alt und neu ins Auge sticht. Auf der einen Seite der Plaza del Ayunamiento (Rathausplatz) oder der Mercado Central mit gut erhaltenen Geb\u00e4uden aus der Gr\u00fcnderzeit oder im Jugendstil, auf der anderen Seite die gigantische Anlage im trocken gelegten Flussbett der Stadt, wo sich der Architekt Santiago Calatrava ein Denkmal aus Opernhaus, Museum und Open Air- B\u00fchne und Br\u00fccke gesetzt hat.<br>S\u00fcdlich der Stadt liegt das gr\u00f6\u00dfte Reisanbaugebiet Europas. Ein ausgekl\u00fcgeltes Bew\u00e4sserungssystem sorgt daf\u00fcr, dass die Felder gleichm\u00e4\u00dfig mit der wertvollen Ressource versorgt wird, und das Ergebnis konnten wir gleich vor Ort genie\u00dfen, in einem der lokalen Restaurants in der Lagune, wo die Einheimischen am Sonntag Nachmittag mit ihren Familien Essen gehen. Hier dreht sich alles um die Arrozes, die Reisgerichte aus dem gro\u00dfen Gusseisenpfannen, wahlweise mit Huhn und Kaninchen oder Fr\u00fcchten aus dem Meer. Aber nie gemischt. So etwas machen nur Touristen. Die Arrozes werden nachmittags gegessen, damit der K\u00f6rper noch ausreichend Zeit hat zu verdauen. Der Reis ern\u00e4hrt die Menschen in der ganzen Region und dar\u00fcber hinaus.<\/p>\n\n\n\n<p>Ich stehe auf dem Platz vor der Kathedrale und male mir aus, was gesch\u00e4he, wenn die Valencianer das Wassergericht, dieses Ritual aus alten Zeiten abschafften. Wenn die Leute immer mehr der Meinung w\u00e4ren, dass dieses Althergebrachte \u00fcberfl\u00fcssig sei, dass es ohne es ginge, seit ein Computer die Steuerung \u00fcbernommen hat, dass in Zukunft die K\u00fcnstliche Intelligenz alles regeln werde. \u00dcberhaupt, warum noch Gerichte? Dieser Wust an Regeln, der alles nur behindert. Wie \u00fcberhaupt die B\u00fcrokratie alles behindert, die Freiheit der Menschen unn\u00f6tig einschr\u00e4nkt. Ein Leben ganz ohne staatliche Eingriffe, das ja anf\u00e4llig f\u00fcr Korruption ist, im Grunde ohnehin das bessere Leben. Ideen, von denen dieser Tage wieder manch einer tr\u00e4umt.<br>Tr\u00e4umt weiter, denke ich und \u00f6ffne die Einkaufst\u00fcte aus der alten Markthalle ein wenig. Ein herrlich s\u00fc\u00dfer Duft von frischen Erdbeeren steigt mir in die Nase.<\/p>\n\n\n<div  id=\"jtg-2607\" class=\"modula modula-gallery modula-columns\" data-config=\"{&quot;tabletHeight&quot;:800,&quot;mobileHeight&quot;:800,&quot;desktopHeight&quot;:800,&quot;enableTwitter&quot;:false,&quot;enableWhatsapp&quot;:false,&quot;enableFacebook&quot;:false,&quot;enablePinterest&quot;:false,&quot;enableLinkedin&quot;:false,&quot;enableEmail&quot;:false,&quot;randomFactor&quot;:0.5,&quot;type&quot;:&quot;grid&quot;,&quot;columns&quot;:12,&quot;gutter&quot;:10,&quot;mobileGutter&quot;:10,&quot;tabletGutter&quot;:10,&quot;desktopGutter&quot;:10,&quot;enableResponsive&quot;:&quot;0&quot;,&quot;tabletColumns&quot;:2,&quot;mobileColumns&quot;:1,&quot;lazyLoad&quot;:0,&quot;lightboxOpts&quot;:{&quot;animated&quot;:true,&quot;Thumbs&quot;:{&quot;type&quot;:&quot;modern&quot;,&quot;showOnStart&quot;:false},&quot;Toolbar&quot;:{&quot;display&quot;:{&quot;right&quot;:[&quot;close&quot;]},&quot;enabled&quot;:true},&quot;Carousel&quot;:{&quot;Panzoom&quot;:{&quot;touch&quot;:true},&quot;infinite&quot;:false},&quot;keyboard&quot;:{&quot;Escape&quot;:&quot;close&quot;,&quot;Delete&quot;:&quot;close&quot;,&quot;Backspace&quot;:&quot;close&quot;,&quot;PageUp&quot;:false,&quot;PageDown&quot;:false,&quot;ArrowUp&quot;:false,&quot;ArrowDown&quot;:false,&quot;ArrowRight&quot;:false,&quot;ArrowLeft&quot;:false},&quot;touch&quot;:false,&quot;backdropClick&quot;:false,&quot;l10n&quot;:{&quot;CLOSE&quot;:&quot;Close&quot;,&quot;NEXT&quot;:&quot;Next&quot;,&quot;PREV&quot;:&quot;Previous&quot;,&quot;Error&quot;:&quot;The requested content cannot be loaded. Please try again later.&quot;,&quot;PLAY_START&quot;:&quot;Start slideshow&quot;,&quot;PLAY_STOP&quot;:&quot;Pause slideshow&quot;,&quot;FULL_SCREEN&quot;:&quot;Full screen&quot;,&quot;THUMBS&quot;:&quot;Thumbnails&quot;,&quot;DOWNLOAD&quot;:&quot;Download&quot;,&quot;SHARE&quot;:&quot;Share&quot;,&quot;ZOOM&quot;:&quot;Zoom&quot;,&quot;EMAIL&quot;:&quot;Here is the link to the image : %%image_link%% and this is the link to the gallery : %%gallery_link%%&quot;,&quot;MODAL&quot;:&quot;You can close this modal content with the ESC key&quot;,&quot;ERROR&quot;:&quot;Something Went Wrong, Please Try Again Later&quot;,&quot;IMAGE_ERROR&quot;:&quot;Image Not Found&quot;,&quot;ELEMENT_NOT_FOUND&quot;:&quot;HTML Element Not Found&quot;,&quot;AJAX_NOT_FOUND&quot;:&quot;Error Loading AJAX : Not Found&quot;,&quot;AJAX_FORBIDDEN&quot;:&quot;Error Loading AJAX : Forbidden&quot;,&quot;IFRAME_ERROR&quot;:&quot;Error Loading Page&quot;,&quot;TOGGLE_ZOOM&quot;:&quot;Toggle zoom level&quot;,&quot;TOGGLE_THUMBS&quot;:&quot;Toggle thumbnails&quot;,&quot;TOGGLE_SLIDESHOW&quot;:&quot;Toggle slideshow&quot;,&quot;TOGGLE_FULLSCREEN&quot;:&quot;Toggle full-screen mode&quot;},&quot;Images&quot;:{&quot;Panzoom&quot;:{&quot;maxScale&quot;:2}},&quot;mainClass&quot;:&quot;modula-fancybox-container modula-lightbox-jtg-2607&quot;,&quot;Html&quot;:{&quot;videoAutoplay&quot;:0,&quot;videoTpl&quot;:&quot;&lt;video class=\\&quot;fancybox__html5video\\&quot; controls muted playsinline controlsList controlsList=\\&quot;nodownload\\&quot; poster=\\&quot;{{poster}}\\&quot; src=\\&quot;{{src}}\\&quot; type=\\&quot;{{format}}\\&quot; &gt;  Sorry, your browser doesn&#039;t support embedded videos, &lt;a href=\\&quot;{{src}}\\&quot;&gt; download &lt;\\\/a&gt; and watch with your favorite video player! &lt;\\\/video&gt;&quot;}},&quot;inView&quot;:false,&quot;email_subject&quot;:&quot;Check out this awesome image !!&quot;,&quot;email_message&quot;:&quot;Here is the link to the image : %%image_link%% and this is the link to the gallery : %%gallery_link%%&quot;,&quot;grid_type&quot;:&quot;automatic&quot;,&quot;rowHeight&quot;:250,&quot;lastRow&quot;:&quot;justify&quot;,&quot;lightbox&quot;:&quot;fancybox&quot;}\">\n\n\t\n\t<div  class=\"modula-items grid-gallery\">\n\t\t<div class=\"modula-item effect-pufrobo\" >\n\t<div class=\"modula-item-overlay\"><\/div>\n\n\t<div class=\"modula-item-content\">\n\n\t\t<a data-image-id=\"2620\" role=\"button\" tabindex=\"0\" rel=\"jtg-2607\" data-caption=\"\" aria-label=\"Open image in lightbox\" class=\"tile-inner modula-item-link\"><\/a><img decoding=\"async\" class=\"pic wp-image-2620\"  data-valign=\"middle\" data-halign=\"center\" alt=\"\" data-full=\"https:\/\/zeitaufsee.de\/wp-content\/uploads\/2025\/05\/Wassergericht.jpg\" title=\"Wassergericht\" crop=\"\" width=\"300\" height=\"194\" src=\"https:\/\/zeitaufsee.de\/wp-content\/uploads\/2025\/05\/Wassergericht-300x194.jpg\" data-src=\"https:\/\/zeitaufsee.de\/wp-content\/uploads\/2025\/05\/Wassergericht-300x194.jpg\" data-caption=\"\"\/>\n\t\t<div class=\"figc no-description\">\n\t\t\t<div class=\"figc-inner\">\n\t\t\t\t\t\t\t\t\t\t\t\t\t\t\t<\/div>\n\t\t<\/div>\n\n\t<\/div>\n\n<\/div><div class=\"modula-item effect-pufrobo\" >\n\t<div class=\"modula-item-overlay\"><\/div>\n\n\t<div class=\"modula-item-content\">\n\n\t\t<a data-image-id=\"2600\" role=\"button\" tabindex=\"0\" rel=\"jtg-2607\" data-caption=\"\" aria-label=\"Open image in lightbox\" class=\"tile-inner modula-item-link\"><\/a><img decoding=\"async\" class=\"pic wp-image-2600\"  data-valign=\"middle\" data-halign=\"center\" alt=\"\" data-full=\"https:\/\/zeitaufsee.de\/wp-content\/uploads\/2025\/05\/20250524_130600.jpg\" title=\"20250524_130600\" crop=\"\" width=\"300\" height=\"169\" src=\"https:\/\/zeitaufsee.de\/wp-content\/uploads\/2025\/05\/20250524_130600-300x169.jpg\" data-src=\"https:\/\/zeitaufsee.de\/wp-content\/uploads\/2025\/05\/20250524_130600-300x169.jpg\" data-caption=\"\"\/>\n\t\t<div class=\"figc no-description\">\n\t\t\t<div class=\"figc-inner\">\n\t\t\t\t\t\t\t\t\t\t\t\t\t\t\t<\/div>\n\t\t<\/div>\n\n\t<\/div>\n\n<\/div><div class=\"modula-item effect-pufrobo\" >\n\t<div class=\"modula-item-overlay\"><\/div>\n\n\t<div class=\"modula-item-content\">\n\n\t\t<a data-image-id=\"2601\" role=\"button\" tabindex=\"0\" rel=\"jtg-2607\" data-caption=\"\" aria-label=\"Open image in lightbox\" class=\"tile-inner modula-item-link\"><\/a><img decoding=\"async\" class=\"pic wp-image-2601\"  data-valign=\"middle\" data-halign=\"center\" alt=\"\" data-full=\"https:\/\/zeitaufsee.de\/wp-content\/uploads\/2025\/05\/20250524_130810.jpg\" title=\"20250524_130810\" crop=\"\" width=\"169\" height=\"300\" src=\"https:\/\/zeitaufsee.de\/wp-content\/uploads\/2025\/05\/20250524_130810-169x300.jpg\" data-src=\"https:\/\/zeitaufsee.de\/wp-content\/uploads\/2025\/05\/20250524_130810-169x300.jpg\" data-caption=\"\"\/>\n\t\t<div class=\"figc no-description\">\n\t\t\t<div class=\"figc-inner\">\n\t\t\t\t\t\t\t\t\t\t\t\t\t\t\t<\/div>\n\t\t<\/div>\n\n\t<\/div>\n\n<\/div><div class=\"modula-item effect-pufrobo\" >\n\t<div class=\"modula-item-overlay\"><\/div>\n\n\t<div class=\"modula-item-content\">\n\n\t\t<a data-image-id=\"2602\" role=\"button\" tabindex=\"0\" rel=\"jtg-2607\" data-caption=\"\" aria-label=\"Open image in lightbox\" class=\"tile-inner modula-item-link\"><\/a><img decoding=\"async\" class=\"pic wp-image-2602\"  data-valign=\"middle\" data-halign=\"center\" alt=\"\" data-full=\"https:\/\/zeitaufsee.de\/wp-content\/uploads\/2025\/05\/20250524_132551.jpg\" title=\"20250524_132551\" crop=\"\" width=\"300\" height=\"169\" src=\"https:\/\/zeitaufsee.de\/wp-content\/uploads\/2025\/05\/20250524_132551-300x169.jpg\" data-src=\"https:\/\/zeitaufsee.de\/wp-content\/uploads\/2025\/05\/20250524_132551-300x169.jpg\" data-caption=\"\"\/>\n\t\t<div class=\"figc no-description\">\n\t\t\t<div class=\"figc-inner\">\n\t\t\t\t\t\t\t\t\t\t\t\t\t\t\t<\/div>\n\t\t<\/div>\n\n\t<\/div>\n\n<\/div><div class=\"modula-item effect-pufrobo\" >\n\t<div class=\"modula-item-overlay\"><\/div>\n\n\t<div class=\"modula-item-content\">\n\n\t\t<a data-image-id=\"2604\" role=\"button\" tabindex=\"0\" rel=\"jtg-2607\" data-caption=\"\" aria-label=\"Open image in lightbox\" class=\"tile-inner modula-item-link\"><\/a><img decoding=\"async\" class=\"pic wp-image-2604\"  data-valign=\"middle\" data-halign=\"center\" alt=\"\" data-full=\"https:\/\/zeitaufsee.de\/wp-content\/uploads\/2025\/05\/20250525_200418.jpg\" title=\"20250525_200418\" crop=\"\" width=\"300\" height=\"169\" src=\"https:\/\/zeitaufsee.de\/wp-content\/uploads\/2025\/05\/20250525_200418-300x169.jpg\" data-src=\"https:\/\/zeitaufsee.de\/wp-content\/uploads\/2025\/05\/20250525_200418-300x169.jpg\" data-caption=\"\"\/>\n\t\t<div class=\"figc no-description\">\n\t\t\t<div class=\"figc-inner\">\n\t\t\t\t\t\t\t\t\t\t\t\t\t\t\t<\/div>\n\t\t<\/div>\n\n\t<\/div>\n\n<\/div><div class=\"modula-item effect-pufrobo\" >\n\t<div class=\"modula-item-overlay\"><\/div>\n\n\t<div class=\"modula-item-content\">\n\n\t\t<a data-image-id=\"2605\" role=\"button\" tabindex=\"0\" rel=\"jtg-2607\" data-caption=\"\" aria-label=\"Open image in lightbox\" class=\"tile-inner modula-item-link\"><\/a><img decoding=\"async\" class=\"pic wp-image-2605\"  data-valign=\"middle\" data-halign=\"center\" alt=\"\" data-full=\"https:\/\/zeitaufsee.de\/wp-content\/uploads\/2025\/05\/20250525_202520.jpg\" title=\"20250525_202520\" crop=\"\" width=\"300\" height=\"169\" src=\"https:\/\/zeitaufsee.de\/wp-content\/uploads\/2025\/05\/20250525_202520-300x169.jpg\" data-src=\"https:\/\/zeitaufsee.de\/wp-content\/uploads\/2025\/05\/20250525_202520-300x169.jpg\" data-caption=\"\"\/>\n\t\t<div class=\"figc no-description\">\n\t\t\t<div class=\"figc-inner\">\n\t\t\t\t\t\t\t\t\t\t\t\t\t\t\t<\/div>\n\t\t<\/div>\n\n\t<\/div>\n\n<\/div>\t\t\n\t<\/div>\n\n\t\n\t\n\t<script type=\"application\/ld+json\">\n\t{\n\t\t\"@context\": \"http:\/\/schema.org\",\n\t\t\"@type\"   : \"ImageGallery\",\n\t\t\"id\"      : \"https:\/\/zeitaufsee.de\/en\/2025\/05\/29\/tribunal-de-las-aguas\/\",\n\t\t\"url\"     : \"https:\/\/zeitaufsee.de\/en\/2025\/05\/29\/tribunal-de-las-aguas\/\"\n\t}\n\n\t<\/script>\n\n\t\n<\/div>\n","protected":false},"excerpt":{"rendered":"<p>Donnerstag, 12:00 Uhr, vor dem Tor de Apostel der Kathedrale von Valencia. Acht Landwirte in schwarzen Blusen sitzen im Halbkreis und beprechen sich in valencianischer Sprache. In Albufera, der Lagune vor der Stadt, ist man sich uneins \u00fcber die Bew\u00e4sserung der Reisfelder. Das Wetter spielt seit einigen Jahren verr\u00fcckt. Es ist ein st\u00e4ndiges Zuviel oder [&hellip;]<\/p>\n","protected":false},"author":1,"featured_media":2603,"comment_status":"closed","ping_status":"closed","sticky":false,"template":"","format":"standard","meta":{"_et_pb_use_builder":"","_et_pb_old_content":"","_et_gb_content_width":"","_lmt_disableupdate":"","_lmt_disable":"","footnotes":""},"categories":[24],"tags":[],"class_list":["post-2598","post","type-post","status-publish","format-standard","has-post-thumbnail","hentry","category-odyssee"],"yoast_head":"<!-- This site is optimized with the Yoast SEO plugin v27.2 - https:\/\/yoast.com\/product\/yoast-seo-wordpress\/ -->\n<title>Tribunal de las Aguas - Zeit auf See<\/title>\n<meta name=\"robots\" content=\"index, follow, max-snippet:-1, max-image-preview:large, max-video-preview:-1\" \/>\n<link rel=\"canonical\" href=\"https:\/\/zeitaufsee.de\/en\/2025\/05\/29\/tribunal-de-las-aguas\/\" \/>\n<meta property=\"og:locale\" content=\"en_GB\" \/>\n<meta property=\"og:type\" content=\"article\" \/>\n<meta property=\"og:title\" content=\"Tribunal de las Aguas - Zeit auf See\" \/>\n<meta property=\"og:description\" content=\"Donnerstag, 12:00 Uhr, vor dem Tor de Apostel der Kathedrale von Valencia. Acht Landwirte in schwarzen Blusen sitzen im Halbkreis und beprechen sich in valencianischer Sprache. In Albufera, der Lagune vor der Stadt, ist man sich uneins \u00fcber die Bew\u00e4sserung der Reisfelder. Das Wetter spielt seit einigen Jahren verr\u00fcckt. Es ist ein st\u00e4ndiges Zuviel oder [&hellip;]\" \/>\n<meta property=\"og:url\" content=\"https:\/\/zeitaufsee.de\/en\/2025\/05\/29\/tribunal-de-las-aguas\/\" \/>\n<meta property=\"og:site_name\" content=\"Zeit auf See\" \/>\n<meta property=\"article:published_time\" content=\"2025-05-29T15:34:44+00:00\" \/>\n<meta property=\"article:modified_time\" content=\"2025-05-29T15:53:06+00:00\" \/>\n<meta property=\"og:image\" content=\"https:\/\/zeitaufsee.de\/wp-content\/uploads\/2025\/05\/20250525_171537.jpg\" \/>\n\t<meta property=\"og:image:width\" content=\"850\" \/>\n\t<meta property=\"og:image:height\" content=\"679\" \/>\n\t<meta property=\"og:image:type\" content=\"image\/jpeg\" \/>\n<meta name=\"author\" content=\"KMF\" \/>\n<meta name=\"twitter:card\" content=\"summary_large_image\" \/>\n<meta name=\"twitter:label1\" content=\"Written by\" \/>\n\t<meta name=\"twitter:data1\" content=\"KMF\" \/>\n\t<meta name=\"twitter:label2\" content=\"Estimated reading time\" \/>\n\t<meta name=\"twitter:data2\" content=\"3 minutes\" \/>\n<script type=\"application\/ld+json\" class=\"yoast-schema-graph\">{\"@context\":\"https:\/\/schema.org\",\"@graph\":[{\"@type\":\"Article\",\"@id\":\"https:\/\/zeitaufsee.de\/2025\/05\/29\/tribunal-de-las-aguas\/#article\",\"isPartOf\":{\"@id\":\"https:\/\/zeitaufsee.de\/2025\/05\/29\/tribunal-de-las-aguas\/\"},\"author\":{\"name\":\"KMF\",\"@id\":\"https:\/\/zeitaufsee.de\/#\/schema\/person\/ed712c226220d727ae1df433d7756cb5\"},\"headline\":\"Tribunal de las Aguas\",\"datePublished\":\"2025-05-29T15:34:44+00:00\",\"dateModified\":\"2025-05-29T15:53:06+00:00\",\"mainEntityOfPage\":{\"@id\":\"https:\/\/zeitaufsee.de\/2025\/05\/29\/tribunal-de-las-aguas\/\"},\"wordCount\":515,\"image\":{\"@id\":\"https:\/\/zeitaufsee.de\/2025\/05\/29\/tribunal-de-las-aguas\/#primaryimage\"},\"thumbnailUrl\":\"https:\/\/zeitaufsee.de\/wp-content\/uploads\/2025\/05\/20250525_171537.jpg\",\"articleSection\":[\"Odyssee\"],\"inLanguage\":\"en-GB\"},{\"@type\":\"WebPage\",\"@id\":\"https:\/\/zeitaufsee.de\/2025\/05\/29\/tribunal-de-las-aguas\/\",\"url\":\"https:\/\/zeitaufsee.de\/2025\/05\/29\/tribunal-de-las-aguas\/\",\"name\":\"Tribunal de las Aguas - Zeit auf See\",\"isPartOf\":{\"@id\":\"https:\/\/zeitaufsee.de\/#website\"},\"primaryImageOfPage\":{\"@id\":\"https:\/\/zeitaufsee.de\/2025\/05\/29\/tribunal-de-las-aguas\/#primaryimage\"},\"image\":{\"@id\":\"https:\/\/zeitaufsee.de\/2025\/05\/29\/tribunal-de-las-aguas\/#primaryimage\"},\"thumbnailUrl\":\"https:\/\/zeitaufsee.de\/wp-content\/uploads\/2025\/05\/20250525_171537.jpg\",\"datePublished\":\"2025-05-29T15:34:44+00:00\",\"dateModified\":\"2025-05-29T15:53:06+00:00\",\"author\":{\"@id\":\"https:\/\/zeitaufsee.de\/#\/schema\/person\/ed712c226220d727ae1df433d7756cb5\"},\"breadcrumb\":{\"@id\":\"https:\/\/zeitaufsee.de\/2025\/05\/29\/tribunal-de-las-aguas\/#breadcrumb\"},\"inLanguage\":\"en-GB\",\"potentialAction\":[{\"@type\":\"ReadAction\",\"target\":[\"https:\/\/zeitaufsee.de\/2025\/05\/29\/tribunal-de-las-aguas\/\"]}]},{\"@type\":\"ImageObject\",\"inLanguage\":\"en-GB\",\"@id\":\"https:\/\/zeitaufsee.de\/2025\/05\/29\/tribunal-de-las-aguas\/#primaryimage\",\"url\":\"https:\/\/zeitaufsee.de\/wp-content\/uploads\/2025\/05\/20250525_171537.jpg\",\"contentUrl\":\"https:\/\/zeitaufsee.de\/wp-content\/uploads\/2025\/05\/20250525_171537.jpg\",\"width\":850,\"height\":679},{\"@type\":\"BreadcrumbList\",\"@id\":\"https:\/\/zeitaufsee.de\/2025\/05\/29\/tribunal-de-las-aguas\/#breadcrumb\",\"itemListElement\":[{\"@type\":\"ListItem\",\"position\":1,\"name\":\"Startseite\",\"item\":\"https:\/\/zeitaufsee.de\/\"},{\"@type\":\"ListItem\",\"position\":2,\"name\":\"Tribunal de las Aguas\"}]},{\"@type\":\"WebSite\",\"@id\":\"https:\/\/zeitaufsee.de\/#website\",\"url\":\"https:\/\/zeitaufsee.de\/\",\"name\":\"Zeit auf See\",\"description\":\"Auf den Spuren des Odysseus\",\"potentialAction\":[{\"@type\":\"SearchAction\",\"target\":{\"@type\":\"EntryPoint\",\"urlTemplate\":\"https:\/\/zeitaufsee.de\/?s={search_term_string}\"},\"query-input\":{\"@type\":\"PropertyValueSpecification\",\"valueRequired\":true,\"valueName\":\"search_term_string\"}}],\"inLanguage\":\"en-GB\"},{\"@type\":\"Person\",\"@id\":\"https:\/\/zeitaufsee.de\/#\/schema\/person\/ed712c226220d727ae1df433d7756cb5\",\"name\":\"KMF\",\"image\":{\"@type\":\"ImageObject\",\"inLanguage\":\"en-GB\",\"@id\":\"http:\/\/zeitaufsee.de\/wp-content\/uploads\/2022\/10\/KMF-AutorPix-e1670146290576.jpg\",\"url\":\"http:\/\/zeitaufsee.de\/wp-content\/uploads\/2022\/10\/KMF-AutorPix-e1670146290576.jpg\",\"contentUrl\":\"http:\/\/zeitaufsee.de\/wp-content\/uploads\/2022\/10\/KMF-AutorPix-e1670146290576.jpg\",\"caption\":\"KMF\"},\"description\":\"Segler, Autor\",\"sameAs\":[\"https:\/\/klausmariafischer.de\"],\"url\":\"https:\/\/zeitaufsee.de\/en\/author\/web22598256\/\"}]}<\/script>\n<!-- \/ Yoast SEO plugin. -->","yoast_head_json":{"title":"Tribunal de las Aguas - Zeit auf See","robots":{"index":"index","follow":"follow","max-snippet":"max-snippet:-1","max-image-preview":"max-image-preview:large","max-video-preview":"max-video-preview:-1"},"canonical":"https:\/\/zeitaufsee.de\/en\/2025\/05\/29\/tribunal-de-las-aguas\/","og_locale":"en_GB","og_type":"article","og_title":"Tribunal de las Aguas - Zeit auf See","og_description":"Donnerstag, 12:00 Uhr, vor dem Tor de Apostel der Kathedrale von Valencia. Acht Landwirte in schwarzen Blusen sitzen im Halbkreis und beprechen sich in valencianischer Sprache. In Albufera, der Lagune vor der Stadt, ist man sich uneins \u00fcber die Bew\u00e4sserung der Reisfelder. Das Wetter spielt seit einigen Jahren verr\u00fcckt. Es ist ein st\u00e4ndiges Zuviel oder [&hellip;]","og_url":"https:\/\/zeitaufsee.de\/en\/2025\/05\/29\/tribunal-de-las-aguas\/","og_site_name":"Zeit auf See","article_published_time":"2025-05-29T15:34:44+00:00","article_modified_time":"2025-05-29T15:53:06+00:00","og_image":[{"width":850,"height":679,"url":"https:\/\/zeitaufsee.de\/wp-content\/uploads\/2025\/05\/20250525_171537.jpg","type":"image\/jpeg"}],"author":"KMF","twitter_card":"summary_large_image","twitter_misc":{"Written by":"KMF","Estimated reading time":"3 minutes"},"schema":{"@context":"https:\/\/schema.org","@graph":[{"@type":"Article","@id":"https:\/\/zeitaufsee.de\/2025\/05\/29\/tribunal-de-las-aguas\/#article","isPartOf":{"@id":"https:\/\/zeitaufsee.de\/2025\/05\/29\/tribunal-de-las-aguas\/"},"author":{"name":"KMF","@id":"https:\/\/zeitaufsee.de\/#\/schema\/person\/ed712c226220d727ae1df433d7756cb5"},"headline":"Tribunal de las Aguas","datePublished":"2025-05-29T15:34:44+00:00","dateModified":"2025-05-29T15:53:06+00:00","mainEntityOfPage":{"@id":"https:\/\/zeitaufsee.de\/2025\/05\/29\/tribunal-de-las-aguas\/"},"wordCount":515,"image":{"@id":"https:\/\/zeitaufsee.de\/2025\/05\/29\/tribunal-de-las-aguas\/#primaryimage"},"thumbnailUrl":"https:\/\/zeitaufsee.de\/wp-content\/uploads\/2025\/05\/20250525_171537.jpg","articleSection":["Odyssee"],"inLanguage":"en-GB"},{"@type":"WebPage","@id":"https:\/\/zeitaufsee.de\/2025\/05\/29\/tribunal-de-las-aguas\/","url":"https:\/\/zeitaufsee.de\/2025\/05\/29\/tribunal-de-las-aguas\/","name":"Tribunal de las Aguas - Zeit auf See","isPartOf":{"@id":"https:\/\/zeitaufsee.de\/#website"},"primaryImageOfPage":{"@id":"https:\/\/zeitaufsee.de\/2025\/05\/29\/tribunal-de-las-aguas\/#primaryimage"},"image":{"@id":"https:\/\/zeitaufsee.de\/2025\/05\/29\/tribunal-de-las-aguas\/#primaryimage"},"thumbnailUrl":"https:\/\/zeitaufsee.de\/wp-content\/uploads\/2025\/05\/20250525_171537.jpg","datePublished":"2025-05-29T15:34:44+00:00","dateModified":"2025-05-29T15:53:06+00:00","author":{"@id":"https:\/\/zeitaufsee.de\/#\/schema\/person\/ed712c226220d727ae1df433d7756cb5"},"breadcrumb":{"@id":"https:\/\/zeitaufsee.de\/2025\/05\/29\/tribunal-de-las-aguas\/#breadcrumb"},"inLanguage":"en-GB","potentialAction":[{"@type":"ReadAction","target":["https:\/\/zeitaufsee.de\/2025\/05\/29\/tribunal-de-las-aguas\/"]}]},{"@type":"ImageObject","inLanguage":"en-GB","@id":"https:\/\/zeitaufsee.de\/2025\/05\/29\/tribunal-de-las-aguas\/#primaryimage","url":"https:\/\/zeitaufsee.de\/wp-content\/uploads\/2025\/05\/20250525_171537.jpg","contentUrl":"https:\/\/zeitaufsee.de\/wp-content\/uploads\/2025\/05\/20250525_171537.jpg","width":850,"height":679},{"@type":"BreadcrumbList","@id":"https:\/\/zeitaufsee.de\/2025\/05\/29\/tribunal-de-las-aguas\/#breadcrumb","itemListElement":[{"@type":"ListItem","position":1,"name":"Startseite","item":"https:\/\/zeitaufsee.de\/"},{"@type":"ListItem","position":2,"name":"Tribunal de las Aguas"}]},{"@type":"WebSite","@id":"https:\/\/zeitaufsee.de\/#website","url":"https:\/\/zeitaufsee.de\/","name":"Time at Sea","description":"Auf den Spuren des Odysseus","potentialAction":[{"@type":"SearchAction","target":{"@type":"EntryPoint","urlTemplate":"https:\/\/zeitaufsee.de\/?s={search_term_string}"},"query-input":{"@type":"PropertyValueSpecification","valueRequired":true,"valueName":"search_term_string"}}],"inLanguage":"en-GB"},{"@type":"Person","@id":"https:\/\/zeitaufsee.de\/#\/schema\/person\/ed712c226220d727ae1df433d7756cb5","name":"KMF","image":{"@type":"ImageObject","inLanguage":"en-GB","@id":"http:\/\/zeitaufsee.de\/wp-content\/uploads\/2022\/10\/KMF-AutorPix-e1670146290576.jpg","url":"http:\/\/zeitaufsee.de\/wp-content\/uploads\/2022\/10\/KMF-AutorPix-e1670146290576.jpg","contentUrl":"http:\/\/zeitaufsee.de\/wp-content\/uploads\/2022\/10\/KMF-AutorPix-e1670146290576.jpg","caption":"KMF"},"description":"Segler, Autor","sameAs":["https:\/\/klausmariafischer.de"],"url":"https:\/\/zeitaufsee.de\/en\/author\/web22598256\/"}]}},"modified_by":"KMF","_links":{"self":[{"href":"https:\/\/zeitaufsee.de\/en\/wp-json\/wp\/v2\/posts\/2598","targetHints":{"allow":["GET"]}}],"collection":[{"href":"https:\/\/zeitaufsee.de\/en\/wp-json\/wp\/v2\/posts"}],"about":[{"href":"https:\/\/zeitaufsee.de\/en\/wp-json\/wp\/v2\/types\/post"}],"author":[{"embeddable":true,"href":"https:\/\/zeitaufsee.de\/en\/wp-json\/wp\/v2\/users\/1"}],"replies":[{"embeddable":true,"href":"https:\/\/zeitaufsee.de\/en\/wp-json\/wp\/v2\/comments?post=2598"}],"version-history":[{"count":5,"href":"https:\/\/zeitaufsee.de\/en\/wp-json\/wp\/v2\/posts\/2598\/revisions"}],"predecessor-version":[{"id":2626,"href":"https:\/\/zeitaufsee.de\/en\/wp-json\/wp\/v2\/posts\/2598\/revisions\/2626"}],"wp:featuredmedia":[{"embeddable":true,"href":"https:\/\/zeitaufsee.de\/en\/wp-json\/wp\/v2\/media\/2603"}],"wp:attachment":[{"href":"https:\/\/zeitaufsee.de\/en\/wp-json\/wp\/v2\/media?parent=2598"}],"wp:term":[{"taxonomy":"category","embeddable":true,"href":"https:\/\/zeitaufsee.de\/en\/wp-json\/wp\/v2\/categories?post=2598"},{"taxonomy":"post_tag","embeddable":true,"href":"https:\/\/zeitaufsee.de\/en\/wp-json\/wp\/v2\/tags?post=2598"}],"curies":[{"name":"wp","href":"https:\/\/api.w.org\/{rel}","templated":true}]}}