{"id":2497,"date":"2025-03-27T11:27:58","date_gmt":"2025-03-27T10:27:58","guid":{"rendered":"https:\/\/zeitaufsee.de\/?p=2497"},"modified":"2025-03-27T11:30:33","modified_gmt":"2025-03-27T10:30:33","slug":"die-grosse-verschwoerung","status":"publish","type":"post","link":"https:\/\/zeitaufsee.de\/en\/2025\/03\/27\/die-grosse-verschwoerung\/","title":{"rendered":"Die Gro\u00dfe Verschw\u00f6rung"},"content":{"rendered":"<p>Seit l\u00e4ngerem schon haben wir den Verdacht, dass man nicht will, dass wir Lagos verlassen. Die verstopften K\u00fchlwassereinl\u00e4sse, das Verweigern des \u00d6ffnens der Br\u00fccke, das garstige Wetter, der kaputte Zahn, usw. Aber jetzt, kurz vor dem Tor ins Mare Nostrum, haben wir den endg\u00fcltigen Beweis. Vor Trafalgar erreicht uns die Nachricht, dass Orcas gesichtet wurden. Heute Morgen dichter Nebel vor der Hafenausfahrt vor Barbate, und als wir den Weg heraus gefunden haben, steht vor uns die spanische Armada, ein Verband von neun Kriegsschiffen, und sie rufen \u00fcber Kanal 16 &#8218;Stay away&#8216; oder so \u00e4hnlich, Abstand halten! Sie haben die Kontrolle \u00fcber die Meerenge und wollen nicht, dass die Dream Chaser sich davonmacht. Ha, aber die kennen Penelope nicht, wenn sie sich was in den Kopf gesetzt hat, bereits die Situation im Mittelmeer auskundschaftet, die Versorgungslage in Sottogrande, das Wetter dort: 22\u00b0, Sonne. Da fahren wir hin, sagt sie. <\/p>\n\n\n\n<p>Oktober 1805. Napoleons Flotte, vereint mit der Spanischen, will von Cadiz aus Truppen ins Mittelmeer verlegen. Doch die Briten haben da auch ein W\u00f6rtchen mitzureden, sehen sich von dem franz\u00f6sischen Herrscher in ihrer Sicherheit bedroht und schicken Vizeadmiral Nelson, um das Unternehmen zu vereiteln. Es folgt die Mutter aller Seeschlachten&#8230;<\/p>\n\n\n\n<p>Wir durchquerten das Kap vor dem ehemaligen Schlachtfeld am Vortag noch bei bestem Wetter. In der Ferne wird der Fels von Gibraltar von einer Wolke umspielt, im S\u00fcden sehen wir die Berge von Afrika. Doch jetzt schleichen wir im Versuch, alles Feindliche von uns fernzuhalten, an der K\u00fcste entlang nach S\u00fcden, zwischen Untiefen, Wracks und Fischernetzen hindurch, den Fels von Tarifa bereits in Sicht.<\/p>","protected":false},"excerpt":{"rendered":"<p>Seit l\u00e4ngerem schon haben wir den Verdacht, dass man nicht will, dass wir Lagos verlassen. Die verstopften K\u00fchlwassereinl\u00e4sse, das Verweigern des \u00d6ffnens der Br\u00fccke, das garstige Wetter, der kaputte Zahn, usw. Aber jetzt, kurz vor dem Tor ins Mare Nostrum, haben wir den endg\u00fcltigen Beweis. Vor Trafalgar erreicht uns die Nachricht, dass Orcas gesichtet wurden. [&hellip;]<\/p>\n","protected":false},"author":1,"featured_media":2501,"comment_status":"open","ping_status":"open","sticky":false,"template":"","format":"standard","meta":{"_et_pb_use_builder":"","_et_pb_old_content":"","_et_gb_content_width":"","_lmt_disableupdate":"","_lmt_disable":"","footnotes":""},"categories":[24],"tags":[103,102,85,104],"class_list":["post-2497","post","type-post","status-publish","format-standard","has-post-thumbnail","hentry","category-odyssee","tag-mare-nostrum","tag-nebel","tag-orcas","tag-trafalgar"],"yoast_head":"<!-- This site is optimized with the Yoast SEO plugin v27.2 - https:\/\/yoast.com\/product\/yoast-seo-wordpress\/ -->\n<title>Die Gro\u00dfe Verschw\u00f6rung - Zeit auf See<\/title>\n<meta name=\"robots\" content=\"index, follow, max-snippet:-1, max-image-preview:large, max-video-preview:-1\" \/>\n<link rel=\"canonical\" href=\"https:\/\/zeitaufsee.de\/en\/2025\/03\/27\/die-grosse-verschwoerung\/\" \/>\n<meta property=\"og:locale\" content=\"en_GB\" \/>\n<meta property=\"og:type\" content=\"article\" \/>\n<meta property=\"og:title\" content=\"Die Gro\u00dfe Verschw\u00f6rung - Zeit auf See\" \/>\n<meta property=\"og:description\" content=\"Seit l\u00e4ngerem schon haben wir den Verdacht, dass man nicht will, dass wir Lagos verlassen. Die verstopften K\u00fchlwassereinl\u00e4sse, das Verweigern des \u00d6ffnens der Br\u00fccke, das garstige Wetter, der kaputte Zahn, usw. Aber jetzt, kurz vor dem Tor ins Mare Nostrum, haben wir den endg\u00fcltigen Beweis. Vor Trafalgar erreicht uns die Nachricht, dass Orcas gesichtet wurden. [&hellip;]\" \/>\n<meta property=\"og:url\" content=\"https:\/\/zeitaufsee.de\/en\/2025\/03\/27\/die-grosse-verschwoerung\/\" \/>\n<meta property=\"og:site_name\" content=\"Zeit auf See\" \/>\n<meta property=\"article:published_time\" content=\"2025-03-27T10:27:58+00:00\" \/>\n<meta property=\"article:modified_time\" content=\"2025-03-27T10:30:33+00:00\" \/>\n<meta property=\"og:image\" content=\"https:\/\/zeitaufsee.de\/wp-content\/uploads\/2025\/03\/20250327_094536.jpg\" \/>\n\t<meta property=\"og:image:width\" content=\"2469\" \/>\n\t<meta property=\"og:image:height\" content=\"1389\" \/>\n\t<meta property=\"og:image:type\" content=\"image\/jpeg\" \/>\n<meta name=\"author\" content=\"KMF\" \/>\n<meta name=\"twitter:card\" content=\"summary_large_image\" \/>\n<meta name=\"twitter:label1\" content=\"Written by\" \/>\n\t<meta name=\"twitter:data1\" content=\"KMF\" \/>\n\t<meta name=\"twitter:label2\" content=\"Estimated reading time\" \/>\n\t<meta name=\"twitter:data2\" content=\"1 minute\" \/>\n<script type=\"application\/ld+json\" class=\"yoast-schema-graph\">{\"@context\":\"https:\/\/schema.org\",\"@graph\":[{\"@type\":\"Article\",\"@id\":\"https:\/\/zeitaufsee.de\/2025\/03\/27\/die-grosse-verschwoerung\/#article\",\"isPartOf\":{\"@id\":\"https:\/\/zeitaufsee.de\/2025\/03\/27\/die-grosse-verschwoerung\/\"},\"author\":{\"name\":\"KMF\",\"@id\":\"https:\/\/zeitaufsee.de\/#\/schema\/person\/ed712c226220d727ae1df433d7756cb5\"},\"headline\":\"Die Gro\u00dfe Verschw\u00f6rung\",\"datePublished\":\"2025-03-27T10:27:58+00:00\",\"dateModified\":\"2025-03-27T10:30:33+00:00\",\"mainEntityOfPage\":{\"@id\":\"https:\/\/zeitaufsee.de\/2025\/03\/27\/die-grosse-verschwoerung\/\"},\"wordCount\":274,\"commentCount\":0,\"image\":{\"@id\":\"https:\/\/zeitaufsee.de\/2025\/03\/27\/die-grosse-verschwoerung\/#primaryimage\"},\"thumbnailUrl\":\"https:\/\/zeitaufsee.de\/wp-content\/uploads\/2025\/03\/20250327_094536.jpg\",\"keywords\":[\"Mare Nostrum\",\"Nebel\",\"Orcas\",\"Trafalgar\"],\"articleSection\":[\"Odyssee\"],\"inLanguage\":\"en-GB\",\"potentialAction\":[{\"@type\":\"CommentAction\",\"name\":\"Comment\",\"target\":[\"https:\/\/zeitaufsee.de\/2025\/03\/27\/die-grosse-verschwoerung\/#respond\"]}]},{\"@type\":\"WebPage\",\"@id\":\"https:\/\/zeitaufsee.de\/2025\/03\/27\/die-grosse-verschwoerung\/\",\"url\":\"https:\/\/zeitaufsee.de\/2025\/03\/27\/die-grosse-verschwoerung\/\",\"name\":\"Die Gro\u00dfe Verschw\u00f6rung - Zeit auf See\",\"isPartOf\":{\"@id\":\"https:\/\/zeitaufsee.de\/#website\"},\"primaryImageOfPage\":{\"@id\":\"https:\/\/zeitaufsee.de\/2025\/03\/27\/die-grosse-verschwoerung\/#primaryimage\"},\"image\":{\"@id\":\"https:\/\/zeitaufsee.de\/2025\/03\/27\/die-grosse-verschwoerung\/#primaryimage\"},\"thumbnailUrl\":\"https:\/\/zeitaufsee.de\/wp-content\/uploads\/2025\/03\/20250327_094536.jpg\",\"datePublished\":\"2025-03-27T10:27:58+00:00\",\"dateModified\":\"2025-03-27T10:30:33+00:00\",\"author\":{\"@id\":\"https:\/\/zeitaufsee.de\/#\/schema\/person\/ed712c226220d727ae1df433d7756cb5\"},\"breadcrumb\":{\"@id\":\"https:\/\/zeitaufsee.de\/2025\/03\/27\/die-grosse-verschwoerung\/#breadcrumb\"},\"inLanguage\":\"en-GB\",\"potentialAction\":[{\"@type\":\"ReadAction\",\"target\":[\"https:\/\/zeitaufsee.de\/2025\/03\/27\/die-grosse-verschwoerung\/\"]}]},{\"@type\":\"ImageObject\",\"inLanguage\":\"en-GB\",\"@id\":\"https:\/\/zeitaufsee.de\/2025\/03\/27\/die-grosse-verschwoerung\/#primaryimage\",\"url\":\"https:\/\/zeitaufsee.de\/wp-content\/uploads\/2025\/03\/20250327_094536.jpg\",\"contentUrl\":\"https:\/\/zeitaufsee.de\/wp-content\/uploads\/2025\/03\/20250327_094536.jpg\",\"width\":2469,\"height\":1389},{\"@type\":\"BreadcrumbList\",\"@id\":\"https:\/\/zeitaufsee.de\/2025\/03\/27\/die-grosse-verschwoerung\/#breadcrumb\",\"itemListElement\":[{\"@type\":\"ListItem\",\"position\":1,\"name\":\"Startseite\",\"item\":\"https:\/\/zeitaufsee.de\/\"},{\"@type\":\"ListItem\",\"position\":2,\"name\":\"Die Gro\u00dfe Verschw\u00f6rung\"}]},{\"@type\":\"WebSite\",\"@id\":\"https:\/\/zeitaufsee.de\/#website\",\"url\":\"https:\/\/zeitaufsee.de\/\",\"name\":\"Zeit auf See\",\"description\":\"Auf den Spuren des Odysseus\",\"potentialAction\":[{\"@type\":\"SearchAction\",\"target\":{\"@type\":\"EntryPoint\",\"urlTemplate\":\"https:\/\/zeitaufsee.de\/?s={search_term_string}\"},\"query-input\":{\"@type\":\"PropertyValueSpecification\",\"valueRequired\":true,\"valueName\":\"search_term_string\"}}],\"inLanguage\":\"en-GB\"},{\"@type\":\"Person\",\"@id\":\"https:\/\/zeitaufsee.de\/#\/schema\/person\/ed712c226220d727ae1df433d7756cb5\",\"name\":\"KMF\",\"image\":{\"@type\":\"ImageObject\",\"inLanguage\":\"en-GB\",\"@id\":\"http:\/\/zeitaufsee.de\/wp-content\/uploads\/2022\/10\/KMF-AutorPix-e1670146290576.jpg\",\"url\":\"http:\/\/zeitaufsee.de\/wp-content\/uploads\/2022\/10\/KMF-AutorPix-e1670146290576.jpg\",\"contentUrl\":\"http:\/\/zeitaufsee.de\/wp-content\/uploads\/2022\/10\/KMF-AutorPix-e1670146290576.jpg\",\"caption\":\"KMF\"},\"description\":\"Segler, Autor\",\"sameAs\":[\"https:\/\/klausmariafischer.de\"],\"url\":\"https:\/\/zeitaufsee.de\/en\/author\/web22598256\/\"}]}<\/script>\n<!-- \/ Yoast SEO plugin. -->","yoast_head_json":{"title":"Die Gro\u00dfe Verschw\u00f6rung - Zeit auf See","robots":{"index":"index","follow":"follow","max-snippet":"max-snippet:-1","max-image-preview":"max-image-preview:large","max-video-preview":"max-video-preview:-1"},"canonical":"https:\/\/zeitaufsee.de\/en\/2025\/03\/27\/die-grosse-verschwoerung\/","og_locale":"en_GB","og_type":"article","og_title":"Die Gro\u00dfe Verschw\u00f6rung - Zeit auf See","og_description":"Seit l\u00e4ngerem schon haben wir den Verdacht, dass man nicht will, dass wir Lagos verlassen. Die verstopften K\u00fchlwassereinl\u00e4sse, das Verweigern des \u00d6ffnens der Br\u00fccke, das garstige Wetter, der kaputte Zahn, usw. Aber jetzt, kurz vor dem Tor ins Mare Nostrum, haben wir den endg\u00fcltigen Beweis. Vor Trafalgar erreicht uns die Nachricht, dass Orcas gesichtet wurden. [&hellip;]","og_url":"https:\/\/zeitaufsee.de\/en\/2025\/03\/27\/die-grosse-verschwoerung\/","og_site_name":"Zeit auf See","article_published_time":"2025-03-27T10:27:58+00:00","article_modified_time":"2025-03-27T10:30:33+00:00","og_image":[{"width":2469,"height":1389,"url":"https:\/\/zeitaufsee.de\/wp-content\/uploads\/2025\/03\/20250327_094536.jpg","type":"image\/jpeg"}],"author":"KMF","twitter_card":"summary_large_image","twitter_misc":{"Written by":"KMF","Estimated reading time":"1 minute"},"schema":{"@context":"https:\/\/schema.org","@graph":[{"@type":"Article","@id":"https:\/\/zeitaufsee.de\/2025\/03\/27\/die-grosse-verschwoerung\/#article","isPartOf":{"@id":"https:\/\/zeitaufsee.de\/2025\/03\/27\/die-grosse-verschwoerung\/"},"author":{"name":"KMF","@id":"https:\/\/zeitaufsee.de\/#\/schema\/person\/ed712c226220d727ae1df433d7756cb5"},"headline":"Die Gro\u00dfe Verschw\u00f6rung","datePublished":"2025-03-27T10:27:58+00:00","dateModified":"2025-03-27T10:30:33+00:00","mainEntityOfPage":{"@id":"https:\/\/zeitaufsee.de\/2025\/03\/27\/die-grosse-verschwoerung\/"},"wordCount":274,"commentCount":0,"image":{"@id":"https:\/\/zeitaufsee.de\/2025\/03\/27\/die-grosse-verschwoerung\/#primaryimage"},"thumbnailUrl":"https:\/\/zeitaufsee.de\/wp-content\/uploads\/2025\/03\/20250327_094536.jpg","keywords":["Mare Nostrum","Nebel","Orcas","Trafalgar"],"articleSection":["Odyssee"],"inLanguage":"en-GB","potentialAction":[{"@type":"CommentAction","name":"Comment","target":["https:\/\/zeitaufsee.de\/2025\/03\/27\/die-grosse-verschwoerung\/#respond"]}]},{"@type":"WebPage","@id":"https:\/\/zeitaufsee.de\/2025\/03\/27\/die-grosse-verschwoerung\/","url":"https:\/\/zeitaufsee.de\/2025\/03\/27\/die-grosse-verschwoerung\/","name":"Die Gro\u00dfe Verschw\u00f6rung - Zeit auf See","isPartOf":{"@id":"https:\/\/zeitaufsee.de\/#website"},"primaryImageOfPage":{"@id":"https:\/\/zeitaufsee.de\/2025\/03\/27\/die-grosse-verschwoerung\/#primaryimage"},"image":{"@id":"https:\/\/zeitaufsee.de\/2025\/03\/27\/die-grosse-verschwoerung\/#primaryimage"},"thumbnailUrl":"https:\/\/zeitaufsee.de\/wp-content\/uploads\/2025\/03\/20250327_094536.jpg","datePublished":"2025-03-27T10:27:58+00:00","dateModified":"2025-03-27T10:30:33+00:00","author":{"@id":"https:\/\/zeitaufsee.de\/#\/schema\/person\/ed712c226220d727ae1df433d7756cb5"},"breadcrumb":{"@id":"https:\/\/zeitaufsee.de\/2025\/03\/27\/die-grosse-verschwoerung\/#breadcrumb"},"inLanguage":"en-GB","potentialAction":[{"@type":"ReadAction","target":["https:\/\/zeitaufsee.de\/2025\/03\/27\/die-grosse-verschwoerung\/"]}]},{"@type":"ImageObject","inLanguage":"en-GB","@id":"https:\/\/zeitaufsee.de\/2025\/03\/27\/die-grosse-verschwoerung\/#primaryimage","url":"https:\/\/zeitaufsee.de\/wp-content\/uploads\/2025\/03\/20250327_094536.jpg","contentUrl":"https:\/\/zeitaufsee.de\/wp-content\/uploads\/2025\/03\/20250327_094536.jpg","width":2469,"height":1389},{"@type":"BreadcrumbList","@id":"https:\/\/zeitaufsee.de\/2025\/03\/27\/die-grosse-verschwoerung\/#breadcrumb","itemListElement":[{"@type":"ListItem","position":1,"name":"Startseite","item":"https:\/\/zeitaufsee.de\/"},{"@type":"ListItem","position":2,"name":"Die Gro\u00dfe Verschw\u00f6rung"}]},{"@type":"WebSite","@id":"https:\/\/zeitaufsee.de\/#website","url":"https:\/\/zeitaufsee.de\/","name":"Time at Sea","description":"Auf den Spuren des Odysseus","potentialAction":[{"@type":"SearchAction","target":{"@type":"EntryPoint","urlTemplate":"https:\/\/zeitaufsee.de\/?s={search_term_string}"},"query-input":{"@type":"PropertyValueSpecification","valueRequired":true,"valueName":"search_term_string"}}],"inLanguage":"en-GB"},{"@type":"Person","@id":"https:\/\/zeitaufsee.de\/#\/schema\/person\/ed712c226220d727ae1df433d7756cb5","name":"KMF","image":{"@type":"ImageObject","inLanguage":"en-GB","@id":"http:\/\/zeitaufsee.de\/wp-content\/uploads\/2022\/10\/KMF-AutorPix-e1670146290576.jpg","url":"http:\/\/zeitaufsee.de\/wp-content\/uploads\/2022\/10\/KMF-AutorPix-e1670146290576.jpg","contentUrl":"http:\/\/zeitaufsee.de\/wp-content\/uploads\/2022\/10\/KMF-AutorPix-e1670146290576.jpg","caption":"KMF"},"description":"Segler, Autor","sameAs":["https:\/\/klausmariafischer.de"],"url":"https:\/\/zeitaufsee.de\/en\/author\/web22598256\/"}]}},"modified_by":null,"_links":{"self":[{"href":"https:\/\/zeitaufsee.de\/en\/wp-json\/wp\/v2\/posts\/2497","targetHints":{"allow":["GET"]}}],"collection":[{"href":"https:\/\/zeitaufsee.de\/en\/wp-json\/wp\/v2\/posts"}],"about":[{"href":"https:\/\/zeitaufsee.de\/en\/wp-json\/wp\/v2\/types\/post"}],"author":[{"embeddable":true,"href":"https:\/\/zeitaufsee.de\/en\/wp-json\/wp\/v2\/users\/1"}],"replies":[{"embeddable":true,"href":"https:\/\/zeitaufsee.de\/en\/wp-json\/wp\/v2\/comments?post=2497"}],"version-history":[{"count":5,"href":"https:\/\/zeitaufsee.de\/en\/wp-json\/wp\/v2\/posts\/2497\/revisions"}],"predecessor-version":[{"id":2503,"href":"https:\/\/zeitaufsee.de\/en\/wp-json\/wp\/v2\/posts\/2497\/revisions\/2503"}],"wp:featuredmedia":[{"embeddable":true,"href":"https:\/\/zeitaufsee.de\/en\/wp-json\/wp\/v2\/media\/2501"}],"wp:attachment":[{"href":"https:\/\/zeitaufsee.de\/en\/wp-json\/wp\/v2\/media?parent=2497"}],"wp:term":[{"taxonomy":"category","embeddable":true,"href":"https:\/\/zeitaufsee.de\/en\/wp-json\/wp\/v2\/categories?post=2497"},{"taxonomy":"post_tag","embeddable":true,"href":"https:\/\/zeitaufsee.de\/en\/wp-json\/wp\/v2\/tags?post=2497"}],"curies":[{"name":"wp","href":"https:\/\/api.w.org\/{rel}","templated":true}]}}