{"id":2464,"date":"2025-03-17T13:09:18","date_gmt":"2025-03-17T12:09:18","guid":{"rendered":"https:\/\/zeitaufsee.de\/?p=2464"},"modified":"2025-03-17T13:38:21","modified_gmt":"2025-03-17T12:38:21","slug":"we-need-to-go-before-feet-start-to-grow","status":"publish","type":"post","link":"https:\/\/zeitaufsee.de\/en\/2025\/03\/17\/we-need-to-go-before-feet-start-to-grow\/","title":{"rendered":"We need to go before feet start to grow"},"content":{"rendered":"<p>Dies das Motto unserer kleinen Farewell-Party auf der Dream Chaser. Es hei\u00dft nun endg\u00fcltig Abschied nehmen von diesem historischen Ort, den vielen lieben Menschen, die wir hier kennengelernt haben. Wir wollten nicht einfach nur die Leinen loswerfen und uns fr\u00fchmorgens aus der Marina schleichen, einen verwaisten Anlegeplatz und r\u00e4tselnde Nachbarn zur\u00fccklassen. &#8222;Sind sie nun weg oder kommen sie nochmal?&#8220; Auf unsere Art offiziell Abschied nehmen scheint dennoch nicht allgemein \u00fcblich zu sein unter Seglern. Vermutlich will man die vielen unentwegten Abschiede nicht gelten lassen, will betonen, dass man Teil einer speziellen Community ist, das Wiedersehen wahrscheinlich, irgendwo in einem Hafen oder einer einsamen Bucht. Simon von der <em>Castle Island<\/em> nebenan hat es so formuliert: Ihr seid Social Sailors. Im Gegensatz zu dem Ocean Sailor, als der er sich f\u00fchlt und uns einl\u00e4dt, ihn und seine Frau Elaine eine <em>kleine Strecke<\/em> auf ihrer Weltumseglung zu begleiten, um uns ebenfalls zu Ocean Sailors zu adeln. Er meint damit die \u00dcberquerung des Atlantiks bis in die Karibik, vielleicht schon im kommenden Winter. Wir werden sehen.<\/p>\n\n\n\n<p>Social Sailors, dieser Begriff gef\u00e4llt mir. Es ist ja in der Tat so, dass wir das nicht alleine tun. Wir nehmen Freunde mit, wir treffen unterwegs Leute. Bekannte und Fremde. Man unterst\u00fctzt sich gegenseitig bei den Herausforderungen auf dem Wasser, man genie\u00dft zusammen die Sch\u00f6nheit eines Sonnenuntergangs. Wir halten auch Kontakt nach Hause, weil wir unterwegs nicht verloren gehen wollen, sondern eher uns finden. <\/p>\n\n\n\n<p>Seit gestern habe ich erstmals nicht mehr das Gef\u00fchl, dass es schwer wird, mich von Lagos zu l\u00f6sen. Ich muss jetzt los, das Unbekannte ruft. Doch prompt legt Poseidon uns Steine in den Weg, setzt mit der Untert\u00fctzung von \u00c4olus alles Wasser in Bewegung, das er hat, t\u00fcrmt es auf bis zu sieben Meter hoch, damit wir gleich gar nicht erst aus dem Hafen herauskommen. Von Land her dr\u00e4ngen seit Wochen die Wassermassen in den Fl\u00fcssen mit Macht zur See und bringen Schlamm und Treibholz in dei M\u00fcndungen und Marinas. DIe Dream Chaser d\u00fcmpelt wie auf Milchkaffee. <\/p>\n\n\n\n<figure class=\"wp-block-gallery has-nested-images columns-default is-cropped wp-block-gallery-1 is-layout-flex wp-block-gallery-is-layout-flex\">\n<figure class=\"wp-block-image size-large\"><img decoding=\"async\" width=\"1024\" height=\"571\" data-id=\"2467\" src=\"https:\/\/zeitaufsee.de\/wp-content\/uploads\/2025\/03\/Farewell-1024x571.jpg\" alt=\"\" class=\"wp-image-2467\" srcset=\"https:\/\/zeitaufsee.de\/wp-content\/uploads\/2025\/03\/Farewell-980x546.jpg 980w, https:\/\/zeitaufsee.de\/wp-content\/uploads\/2025\/03\/Farewell-480x267.jpg 480w\" sizes=\"(min-width: 0px) and (max-width: 480px) 480px, (min-width: 481px) and (max-width: 980px) 980px, (min-width: 981px) 1024px, 100vw\" \/><\/figure>\n\n\n\n<figure class=\"wp-block-image size-large\"><img decoding=\"async\" width=\"1024\" height=\"593\" data-id=\"2466\" src=\"https:\/\/zeitaufsee.de\/wp-content\/uploads\/2025\/03\/Milchkaffee-1024x593.jpg\" alt=\"\" class=\"wp-image-2466\" srcset=\"https:\/\/zeitaufsee.de\/wp-content\/uploads\/2025\/03\/Milchkaffee-980x568.jpg 980w, https:\/\/zeitaufsee.de\/wp-content\/uploads\/2025\/03\/Milchkaffee-480x278.jpg 480w\" sizes=\"(min-width: 0px) and (max-width: 480px) 480px, (min-width: 481px) and (max-width: 980px) 980px, (min-width: 981px) 1024px, 100vw\" \/><\/figure>\n<\/figure>","protected":false},"excerpt":{"rendered":"<p>Dies das Motto unserer kleinen Farewell-Party auf der Dream Chaser. Es hei\u00dft nun endg\u00fcltig Abschied nehmen von diesem historischen Ort, den vielen lieben Menschen, die wir hier kennengelernt haben. Wir wollten nicht einfach nur die Leinen loswerfen und uns fr\u00fchmorgens aus der Marina schleichen, einen verwaisten Anlegeplatz und r\u00e4tselnde Nachbarn zur\u00fccklassen. &#8222;Sind sie nun weg [&hellip;]<\/p>\n","protected":false},"author":1,"featured_media":2472,"comment_status":"open","ping_status":"open","sticky":false,"template":"","format":"standard","meta":{"_et_pb_use_builder":"","_et_pb_old_content":"","_et_gb_content_width":"","_lmt_disableupdate":"","_lmt_disable":"","footnotes":""},"categories":[24],"tags":[],"class_list":["post-2464","post","type-post","status-publish","format-standard","has-post-thumbnail","hentry","category-odyssee"],"yoast_head":"<!-- This site is optimized with the Yoast SEO plugin v27.2 - https:\/\/yoast.com\/product\/yoast-seo-wordpress\/ -->\n<title>We need to go before feet start to grow - Zeit auf See<\/title>\n<meta name=\"description\" content=\"Farewell from Lagos, Social Sailors, Milchkaffee\" \/>\n<meta name=\"robots\" content=\"index, follow, max-snippet:-1, max-image-preview:large, max-video-preview:-1\" \/>\n<link rel=\"canonical\" href=\"https:\/\/zeitaufsee.de\/en\/2025\/03\/17\/we-need-to-go-before-feet-start-to-grow\/\" \/>\n<meta property=\"og:locale\" content=\"en_GB\" \/>\n<meta property=\"og:type\" content=\"article\" \/>\n<meta property=\"og:title\" content=\"We need to go before feet start to grow - Zeit auf See\" \/>\n<meta property=\"og:description\" content=\"Farewell from Lagos, Social Sailors, Milchkaffee\" \/>\n<meta property=\"og:url\" content=\"https:\/\/zeitaufsee.de\/en\/2025\/03\/17\/we-need-to-go-before-feet-start-to-grow\/\" \/>\n<meta property=\"og:site_name\" content=\"Zeit auf See\" \/>\n<meta property=\"article:published_time\" content=\"2025-03-17T12:09:18+00:00\" \/>\n<meta property=\"article:modified_time\" content=\"2025-03-17T12:38:21+00:00\" \/>\n<meta property=\"og:image\" content=\"https:\/\/zeitaufsee.de\/wp-content\/uploads\/2025\/03\/WindyLagos-ezgif.com-resize.gif\" \/>\n\t<meta property=\"og:image:width\" content=\"345\" \/>\n\t<meta property=\"og:image:height\" content=\"227\" \/>\n\t<meta property=\"og:image:type\" content=\"image\/gif\" \/>\n<meta name=\"author\" content=\"KMF\" \/>\n<meta name=\"twitter:card\" content=\"summary_large_image\" \/>\n<meta name=\"twitter:label1\" content=\"Written by\" \/>\n\t<meta name=\"twitter:data1\" content=\"KMF\" \/>\n\t<meta name=\"twitter:label2\" content=\"Estimated reading time\" \/>\n\t<meta name=\"twitter:data2\" content=\"3 minutes\" \/>\n<script type=\"application\/ld+json\" class=\"yoast-schema-graph\">{\"@context\":\"https:\/\/schema.org\",\"@graph\":[{\"@type\":\"Article\",\"@id\":\"https:\/\/zeitaufsee.de\/2025\/03\/17\/we-need-to-go-before-feet-start-to-grow\/#article\",\"isPartOf\":{\"@id\":\"https:\/\/zeitaufsee.de\/2025\/03\/17\/we-need-to-go-before-feet-start-to-grow\/\"},\"author\":{\"name\":\"KMF\",\"@id\":\"https:\/\/zeitaufsee.de\/#\/schema\/person\/ed712c226220d727ae1df433d7756cb5\"},\"headline\":\"We need to go before feet start to grow\",\"datePublished\":\"2025-03-17T12:09:18+00:00\",\"dateModified\":\"2025-03-17T12:38:21+00:00\",\"mainEntityOfPage\":{\"@id\":\"https:\/\/zeitaufsee.de\/2025\/03\/17\/we-need-to-go-before-feet-start-to-grow\/\"},\"wordCount\":361,\"commentCount\":0,\"image\":{\"@id\":\"https:\/\/zeitaufsee.de\/2025\/03\/17\/we-need-to-go-before-feet-start-to-grow\/#primaryimage\"},\"thumbnailUrl\":\"https:\/\/zeitaufsee.de\/wp-content\/uploads\/2025\/03\/WindyLagos-ezgif.com-resize.gif\",\"articleSection\":[\"Odyssee\"],\"inLanguage\":\"en-GB\",\"potentialAction\":[{\"@type\":\"CommentAction\",\"name\":\"Comment\",\"target\":[\"https:\/\/zeitaufsee.de\/2025\/03\/17\/we-need-to-go-before-feet-start-to-grow\/#respond\"]}]},{\"@type\":\"WebPage\",\"@id\":\"https:\/\/zeitaufsee.de\/2025\/03\/17\/we-need-to-go-before-feet-start-to-grow\/\",\"url\":\"https:\/\/zeitaufsee.de\/2025\/03\/17\/we-need-to-go-before-feet-start-to-grow\/\",\"name\":\"We need to go before feet start to grow - Zeit auf See\",\"isPartOf\":{\"@id\":\"https:\/\/zeitaufsee.de\/#website\"},\"primaryImageOfPage\":{\"@id\":\"https:\/\/zeitaufsee.de\/2025\/03\/17\/we-need-to-go-before-feet-start-to-grow\/#primaryimage\"},\"image\":{\"@id\":\"https:\/\/zeitaufsee.de\/2025\/03\/17\/we-need-to-go-before-feet-start-to-grow\/#primaryimage\"},\"thumbnailUrl\":\"https:\/\/zeitaufsee.de\/wp-content\/uploads\/2025\/03\/WindyLagos-ezgif.com-resize.gif\",\"datePublished\":\"2025-03-17T12:09:18+00:00\",\"dateModified\":\"2025-03-17T12:38:21+00:00\",\"author\":{\"@id\":\"https:\/\/zeitaufsee.de\/#\/schema\/person\/ed712c226220d727ae1df433d7756cb5\"},\"description\":\"Farewell from Lagos, Social Sailors, Milchkaffee\",\"breadcrumb\":{\"@id\":\"https:\/\/zeitaufsee.de\/2025\/03\/17\/we-need-to-go-before-feet-start-to-grow\/#breadcrumb\"},\"inLanguage\":\"en-GB\",\"potentialAction\":[{\"@type\":\"ReadAction\",\"target\":[\"https:\/\/zeitaufsee.de\/2025\/03\/17\/we-need-to-go-before-feet-start-to-grow\/\"]}]},{\"@type\":\"ImageObject\",\"inLanguage\":\"en-GB\",\"@id\":\"https:\/\/zeitaufsee.de\/2025\/03\/17\/we-need-to-go-before-feet-start-to-grow\/#primaryimage\",\"url\":\"https:\/\/zeitaufsee.de\/wp-content\/uploads\/2025\/03\/WindyLagos-ezgif.com-resize.gif\",\"contentUrl\":\"https:\/\/zeitaufsee.de\/wp-content\/uploads\/2025\/03\/WindyLagos-ezgif.com-resize.gif\",\"width\":345,\"height\":227},{\"@type\":\"BreadcrumbList\",\"@id\":\"https:\/\/zeitaufsee.de\/2025\/03\/17\/we-need-to-go-before-feet-start-to-grow\/#breadcrumb\",\"itemListElement\":[{\"@type\":\"ListItem\",\"position\":1,\"name\":\"Startseite\",\"item\":\"https:\/\/zeitaufsee.de\/\"},{\"@type\":\"ListItem\",\"position\":2,\"name\":\"We need to go before feet start to grow\"}]},{\"@type\":\"WebSite\",\"@id\":\"https:\/\/zeitaufsee.de\/#website\",\"url\":\"https:\/\/zeitaufsee.de\/\",\"name\":\"Zeit auf See\",\"description\":\"Auf den Spuren des Odysseus\",\"potentialAction\":[{\"@type\":\"SearchAction\",\"target\":{\"@type\":\"EntryPoint\",\"urlTemplate\":\"https:\/\/zeitaufsee.de\/?s={search_term_string}\"},\"query-input\":{\"@type\":\"PropertyValueSpecification\",\"valueRequired\":true,\"valueName\":\"search_term_string\"}}],\"inLanguage\":\"en-GB\"},{\"@type\":\"Person\",\"@id\":\"https:\/\/zeitaufsee.de\/#\/schema\/person\/ed712c226220d727ae1df433d7756cb5\",\"name\":\"KMF\",\"image\":{\"@type\":\"ImageObject\",\"inLanguage\":\"en-GB\",\"@id\":\"http:\/\/zeitaufsee.de\/wp-content\/uploads\/2022\/10\/KMF-AutorPix-e1670146290576.jpg\",\"url\":\"http:\/\/zeitaufsee.de\/wp-content\/uploads\/2022\/10\/KMF-AutorPix-e1670146290576.jpg\",\"contentUrl\":\"http:\/\/zeitaufsee.de\/wp-content\/uploads\/2022\/10\/KMF-AutorPix-e1670146290576.jpg\",\"caption\":\"KMF\"},\"description\":\"Segler, Autor\",\"sameAs\":[\"https:\/\/klausmariafischer.de\"],\"url\":\"https:\/\/zeitaufsee.de\/en\/author\/web22598256\/\"}]}<\/script>\n<!-- \/ Yoast SEO plugin. -->","yoast_head_json":{"title":"We need to go before feet start to grow - Zeit auf See","description":"Farewell from Lagos, Social Sailors, Milchkaffee","robots":{"index":"index","follow":"follow","max-snippet":"max-snippet:-1","max-image-preview":"max-image-preview:large","max-video-preview":"max-video-preview:-1"},"canonical":"https:\/\/zeitaufsee.de\/en\/2025\/03\/17\/we-need-to-go-before-feet-start-to-grow\/","og_locale":"en_GB","og_type":"article","og_title":"We need to go before feet start to grow - Zeit auf See","og_description":"Farewell from Lagos, Social Sailors, Milchkaffee","og_url":"https:\/\/zeitaufsee.de\/en\/2025\/03\/17\/we-need-to-go-before-feet-start-to-grow\/","og_site_name":"Zeit auf See","article_published_time":"2025-03-17T12:09:18+00:00","article_modified_time":"2025-03-17T12:38:21+00:00","og_image":[{"url":"https:\/\/zeitaufsee.de\/wp-content\/uploads\/2025\/03\/WindyLagos-ezgif.com-resize.gif","width":345,"height":227,"type":"image\/gif"}],"author":"KMF","twitter_card":"summary_large_image","twitter_misc":{"Written by":"KMF","Estimated reading time":"3 minutes"},"schema":{"@context":"https:\/\/schema.org","@graph":[{"@type":"Article","@id":"https:\/\/zeitaufsee.de\/2025\/03\/17\/we-need-to-go-before-feet-start-to-grow\/#article","isPartOf":{"@id":"https:\/\/zeitaufsee.de\/2025\/03\/17\/we-need-to-go-before-feet-start-to-grow\/"},"author":{"name":"KMF","@id":"https:\/\/zeitaufsee.de\/#\/schema\/person\/ed712c226220d727ae1df433d7756cb5"},"headline":"We need to go before feet start to grow","datePublished":"2025-03-17T12:09:18+00:00","dateModified":"2025-03-17T12:38:21+00:00","mainEntityOfPage":{"@id":"https:\/\/zeitaufsee.de\/2025\/03\/17\/we-need-to-go-before-feet-start-to-grow\/"},"wordCount":361,"commentCount":0,"image":{"@id":"https:\/\/zeitaufsee.de\/2025\/03\/17\/we-need-to-go-before-feet-start-to-grow\/#primaryimage"},"thumbnailUrl":"https:\/\/zeitaufsee.de\/wp-content\/uploads\/2025\/03\/WindyLagos-ezgif.com-resize.gif","articleSection":["Odyssee"],"inLanguage":"en-GB","potentialAction":[{"@type":"CommentAction","name":"Comment","target":["https:\/\/zeitaufsee.de\/2025\/03\/17\/we-need-to-go-before-feet-start-to-grow\/#respond"]}]},{"@type":"WebPage","@id":"https:\/\/zeitaufsee.de\/2025\/03\/17\/we-need-to-go-before-feet-start-to-grow\/","url":"https:\/\/zeitaufsee.de\/2025\/03\/17\/we-need-to-go-before-feet-start-to-grow\/","name":"We need to go before feet start to grow - Zeit auf See","isPartOf":{"@id":"https:\/\/zeitaufsee.de\/#website"},"primaryImageOfPage":{"@id":"https:\/\/zeitaufsee.de\/2025\/03\/17\/we-need-to-go-before-feet-start-to-grow\/#primaryimage"},"image":{"@id":"https:\/\/zeitaufsee.de\/2025\/03\/17\/we-need-to-go-before-feet-start-to-grow\/#primaryimage"},"thumbnailUrl":"https:\/\/zeitaufsee.de\/wp-content\/uploads\/2025\/03\/WindyLagos-ezgif.com-resize.gif","datePublished":"2025-03-17T12:09:18+00:00","dateModified":"2025-03-17T12:38:21+00:00","author":{"@id":"https:\/\/zeitaufsee.de\/#\/schema\/person\/ed712c226220d727ae1df433d7756cb5"},"description":"Farewell from Lagos, Social Sailors, Milchkaffee","breadcrumb":{"@id":"https:\/\/zeitaufsee.de\/2025\/03\/17\/we-need-to-go-before-feet-start-to-grow\/#breadcrumb"},"inLanguage":"en-GB","potentialAction":[{"@type":"ReadAction","target":["https:\/\/zeitaufsee.de\/2025\/03\/17\/we-need-to-go-before-feet-start-to-grow\/"]}]},{"@type":"ImageObject","inLanguage":"en-GB","@id":"https:\/\/zeitaufsee.de\/2025\/03\/17\/we-need-to-go-before-feet-start-to-grow\/#primaryimage","url":"https:\/\/zeitaufsee.de\/wp-content\/uploads\/2025\/03\/WindyLagos-ezgif.com-resize.gif","contentUrl":"https:\/\/zeitaufsee.de\/wp-content\/uploads\/2025\/03\/WindyLagos-ezgif.com-resize.gif","width":345,"height":227},{"@type":"BreadcrumbList","@id":"https:\/\/zeitaufsee.de\/2025\/03\/17\/we-need-to-go-before-feet-start-to-grow\/#breadcrumb","itemListElement":[{"@type":"ListItem","position":1,"name":"Startseite","item":"https:\/\/zeitaufsee.de\/"},{"@type":"ListItem","position":2,"name":"We need to go before feet start to grow"}]},{"@type":"WebSite","@id":"https:\/\/zeitaufsee.de\/#website","url":"https:\/\/zeitaufsee.de\/","name":"Time at Sea","description":"Auf den Spuren des Odysseus","potentialAction":[{"@type":"SearchAction","target":{"@type":"EntryPoint","urlTemplate":"https:\/\/zeitaufsee.de\/?s={search_term_string}"},"query-input":{"@type":"PropertyValueSpecification","valueRequired":true,"valueName":"search_term_string"}}],"inLanguage":"en-GB"},{"@type":"Person","@id":"https:\/\/zeitaufsee.de\/#\/schema\/person\/ed712c226220d727ae1df433d7756cb5","name":"KMF","image":{"@type":"ImageObject","inLanguage":"en-GB","@id":"http:\/\/zeitaufsee.de\/wp-content\/uploads\/2022\/10\/KMF-AutorPix-e1670146290576.jpg","url":"http:\/\/zeitaufsee.de\/wp-content\/uploads\/2022\/10\/KMF-AutorPix-e1670146290576.jpg","contentUrl":"http:\/\/zeitaufsee.de\/wp-content\/uploads\/2022\/10\/KMF-AutorPix-e1670146290576.jpg","caption":"KMF"},"description":"Segler, Autor","sameAs":["https:\/\/klausmariafischer.de"],"url":"https:\/\/zeitaufsee.de\/en\/author\/web22598256\/"}]}},"modified_by":"KMF","_links":{"self":[{"href":"https:\/\/zeitaufsee.de\/en\/wp-json\/wp\/v2\/posts\/2464","targetHints":{"allow":["GET"]}}],"collection":[{"href":"https:\/\/zeitaufsee.de\/en\/wp-json\/wp\/v2\/posts"}],"about":[{"href":"https:\/\/zeitaufsee.de\/en\/wp-json\/wp\/v2\/types\/post"}],"author":[{"embeddable":true,"href":"https:\/\/zeitaufsee.de\/en\/wp-json\/wp\/v2\/users\/1"}],"replies":[{"embeddable":true,"href":"https:\/\/zeitaufsee.de\/en\/wp-json\/wp\/v2\/comments?post=2464"}],"version-history":[{"count":2,"href":"https:\/\/zeitaufsee.de\/en\/wp-json\/wp\/v2\/posts\/2464\/revisions"}],"predecessor-version":[{"id":2471,"href":"https:\/\/zeitaufsee.de\/en\/wp-json\/wp\/v2\/posts\/2464\/revisions\/2471"}],"wp:featuredmedia":[{"embeddable":true,"href":"https:\/\/zeitaufsee.de\/en\/wp-json\/wp\/v2\/media\/2472"}],"wp:attachment":[{"href":"https:\/\/zeitaufsee.de\/en\/wp-json\/wp\/v2\/media?parent=2464"}],"wp:term":[{"taxonomy":"category","embeddable":true,"href":"https:\/\/zeitaufsee.de\/en\/wp-json\/wp\/v2\/categories?post=2464"},{"taxonomy":"post_tag","embeddable":true,"href":"https:\/\/zeitaufsee.de\/en\/wp-json\/wp\/v2\/tags?post=2464"}],"curies":[{"name":"wp","href":"https:\/\/api.w.org\/{rel}","templated":true}]}}