{"id":1582,"date":"2023-07-02T12:30:58","date_gmt":"2023-07-02T10:30:58","guid":{"rendered":"http:\/\/zeitaufsee.de\/?p=1582"},"modified":"2023-08-12T10:40:43","modified_gmt":"2023-08-12T08:40:43","slug":"fang-der-kleine-orca","status":"publish","type":"post","link":"https:\/\/zeitaufsee.de\/en\/2023\/07\/02\/fang-der-kleine-orca\/","title":{"rendered":"Fang, der kleine Orca"},"content":{"rendered":"<p>&#8222;Es war einmal eine Orca-Mama mit ihren drei Orca- Kids Fin, Flynn und Fang, die schwammen durch den Golf von Cadiz. Klein Fin schwamm abseits und war schlecht gelaunt.<br \/>&#8222;Was ist denn los, mein Kleiner?&#8220;, fragte die Orca-Mama.<br \/>&#8222;Wir m\u00fcssen immer soweit schwimmen. Ich will eine Pause machen. Ich habe Hunger.&#8220;<br \/>&#8222;Wir k\u00f6nnen erst essen, wenn ich Euch ein paar Fische gefangen habe.&#8220;, sagte die Orca-Mama. &#8222;Heute Abend gibt es Thunfisch. Der wird dir schmecken.&#8220;<br \/>&#8222;Ich will aber nicht bis heute Abend warten. Ich will jetzt essen. Und ich will meine Fische selber fangen.&#8220;<br \/>&#8222;Na gut.&#8220;, sagte die Orca-Mama. &#8222;Es ist ja auch an der Zeit, dass ihr lernt, wie man Fische f\u00e4ngt. Dann bleiben wir hier vor dieser Flu\u00dfm\u00fcndung, ich warte auf euch, und jeder von euch versucht sein Gl\u00fcck.&#8220;<br \/>Die Orca-Kinder nickten begeistert.<br \/>&#8222;Dass ihr mir aber sp\u00e4testens in einer Stunde wieder zur\u00fcck seid!&#8220;, mahnte die Orca-Mama. &#8222;Und wer die besten Fische f\u00e4ngt, bekommt einen extra Nachtisch.&#8220;<br \/>Die Orca-Kinder freuten sich, dass sie das erste Mal auf eigene Faust jagen durften. So oft schon hatten sie dabei zugeschaut. Und jetzt war es endlich soweit. Voller Eifer schwammen sie davon. Jeder in eine andere Richtung.<br \/>Die Orca-Mama drehte ein paar Kreise und wartete geduldig auf ihre Kleinen, aber auch ein wenig sorgenvoll . Doch sie hatte sie gut erzogen. Fast genau eine Stunde sp\u00e4ter kamen sie wieder zur\u00fcck, und alle hatten etwas in ihrem kleinen Orca-Maul. Die Mutter war stolz auf ihre Kleinen, tauchte vor Freude auf, vollf\u00fchrte einen kleinen Luftsprung, drehte sich etwas zur Seite und lie\u00df sich mit einem lauten Platschen zur\u00fcck ins Wasser fallen. Flynn kicherte leise. Das hatte er seine Mama schon lange nicht mehr machen sehen.<br \/>&#8222;So&#8220;, sagte die Orca-Mama liebevoll. &#8222;Dann zeigt mal, was ihr gefangen habt. Fin, du f\u00e4ngst an.&#8220;<br \/>&#8222;Ich habe drei Sardinen gefangen.&#8220;, Mama, sagte Fin mit gro\u00dfen Augen, \u00f6ffnete sein kleines Orca-Maul und zeigte die Fischchen mit herausgestreckter Zunge.<br \/>&#8222;Brav.&#8220;, lobte die Orca-Mama und t\u00e4tschelte Fin mit ihrer Seitenflosse. &#8222;Das hast Du gut gemacht mein Kleiner.&#8220;<br \/>&#8222;Und Flynn, was was Du gefangen?&#8220; Flin grinste halbstark, \u00f6ffnete sein Maul nur leicht, und sogleich kam die gro\u00dfe Schwanzflosse eine Thunfisches zum Vorschein. <\/p>\n\n\n\n<p>&#8222;Sehr gut, mein Junge.&#8220;, lobte die Orca-Mama und nickte anerkennend mit dem Kopf. &#8222;Sehr gut.&#8220;<br>&#8222;Und Fang, was hast Du denn da sperriges im Maul? Das sieht ja aus wie ein St\u00fcck Holz.&#8220;  Fang spuckte das Teil aus, auf dem er schon seit einer halben Stunde herumkaute, weil er sonst nichts Essbares gefunden hatte. Er lie\u00df traurig seine Seitenflossen h\u00e4ngen.<br>&#8222;Ich habe leider nur das Ruder von einem Segelboot, Mama.&#8220; Er sch\u00e4mte sich und sah in die Tiefe, wo das gro\u00dfe Brett langsam in der Dunkelheit verschwand.<br>Zu seiner \u00dcberraschung  vollf\u00fchrte die Mama \u00fcberm\u00fctig eine Pirouette um ihre L\u00e4ngsachse.<br>&#8222;Fang ich bin sehr stolz auf dich!&#8220;, sagte sie. &#8222;Das Ruder von einem Segelboot, das k\u00f6nnen eigentlich nur die Gro\u00dfen. Ich finde, Du solltest heute Extra-Nachtisch bekommen .&#8220;<\/p>","protected":false},"excerpt":{"rendered":"<p>&#8222;Es war einmal eine Orca-Mama mit ihren drei Orca- Kids Fin, Flynn und Fang, die schwammen durch den Golf von Cadiz. Klein Fin schwamm abseits und war schlecht gelaunt.&#8222;Was ist denn los, mein Kleiner?&#8220;, fragte die Orca-Mama.&#8222;Wir m\u00fcssen immer soweit schwimmen. Ich will eine Pause machen. Ich habe Hunger.&#8220;&#8222;Wir k\u00f6nnen erst essen, wenn ich Euch [&hellip;]<\/p>\n","protected":false},"author":1,"featured_media":1584,"comment_status":"open","ping_status":"open","sticky":false,"template":"","format":"standard","meta":{"_et_pb_use_builder":"","_et_pb_old_content":"","_et_gb_content_width":"","_lmt_disableupdate":"","_lmt_disable":"","footnotes":""},"categories":[24],"tags":[63,64],"class_list":["post-1582","post","type-post","status-publish","format-standard","has-post-thumbnail","hentry","category-odyssee","tag-abenteuer","tag-orca"],"yoast_head":"<!-- This site is optimized with the Yoast SEO plugin v27.2 - https:\/\/yoast.com\/product\/yoast-seo-wordpress\/ -->\n<title>Fang, der kleine Orca - Zeit auf See<\/title>\n<meta name=\"robots\" content=\"index, follow, max-snippet:-1, max-image-preview:large, max-video-preview:-1\" \/>\n<link rel=\"canonical\" href=\"https:\/\/zeitaufsee.de\/en\/2023\/07\/02\/fang-der-kleine-orca\/\" \/>\n<meta property=\"og:locale\" content=\"en_GB\" \/>\n<meta property=\"og:type\" content=\"article\" \/>\n<meta property=\"og:title\" content=\"Fang, der kleine Orca - Zeit auf See\" \/>\n<meta property=\"og:description\" content=\"&#8222;Es war einmal eine Orca-Mama mit ihren drei Orca- Kids Fin, Flynn und Fang, die schwammen durch den Golf von Cadiz. Klein Fin schwamm abseits und war schlecht gelaunt.&#8222;Was ist denn los, mein Kleiner?&#8220;, fragte die Orca-Mama.&#8222;Wir m\u00fcssen immer soweit schwimmen. Ich will eine Pause machen. Ich habe Hunger.&#8220;&#8222;Wir k\u00f6nnen erst essen, wenn ich Euch [&hellip;]\" \/>\n<meta property=\"og:url\" content=\"https:\/\/zeitaufsee.de\/en\/2023\/07\/02\/fang-der-kleine-orca\/\" \/>\n<meta property=\"og:site_name\" content=\"Zeit auf See\" \/>\n<meta property=\"article:published_time\" content=\"2023-07-02T10:30:58+00:00\" \/>\n<meta property=\"article:modified_time\" content=\"2023-08-12T08:40:43+00:00\" \/>\n<meta property=\"og:image\" content=\"https:\/\/zeitaufsee.de\/wp-content\/uploads\/2023\/07\/kleiner-Orca-1.png\" \/>\n\t<meta property=\"og:image:width\" content=\"400\" \/>\n\t<meta property=\"og:image:height\" content=\"252\" \/>\n\t<meta property=\"og:image:type\" content=\"image\/png\" \/>\n<meta name=\"author\" content=\"KMF\" \/>\n<meta name=\"twitter:card\" content=\"summary_large_image\" \/>\n<meta name=\"twitter:label1\" content=\"Written by\" \/>\n\t<meta name=\"twitter:data1\" content=\"KMF\" \/>\n\t<meta name=\"twitter:label2\" content=\"Estimated reading time\" \/>\n\t<meta name=\"twitter:data2\" content=\"4 minutes\" \/>\n<script type=\"application\/ld+json\" class=\"yoast-schema-graph\">{\"@context\":\"https:\/\/schema.org\",\"@graph\":[{\"@type\":\"Article\",\"@id\":\"https:\/\/zeitaufsee.de\/2023\/07\/02\/fang-der-kleine-orca\/#article\",\"isPartOf\":{\"@id\":\"https:\/\/zeitaufsee.de\/2023\/07\/02\/fang-der-kleine-orca\/\"},\"author\":{\"name\":\"KMF\",\"@id\":\"https:\/\/zeitaufsee.de\/#\/schema\/person\/ed712c226220d727ae1df433d7756cb5\"},\"headline\":\"Fang, der kleine Orca\",\"datePublished\":\"2023-07-02T10:30:58+00:00\",\"dateModified\":\"2023-08-12T08:40:43+00:00\",\"mainEntityOfPage\":{\"@id\":\"https:\/\/zeitaufsee.de\/2023\/07\/02\/fang-der-kleine-orca\/\"},\"wordCount\":516,\"commentCount\":0,\"image\":{\"@id\":\"https:\/\/zeitaufsee.de\/2023\/07\/02\/fang-der-kleine-orca\/#primaryimage\"},\"thumbnailUrl\":\"https:\/\/zeitaufsee.de\/wp-content\/uploads\/2023\/07\/kleiner-Orca-1.png\",\"keywords\":[\"Abenteuer\",\"Orca\"],\"articleSection\":[\"Odyssee\"],\"inLanguage\":\"en-GB\",\"potentialAction\":[{\"@type\":\"CommentAction\",\"name\":\"Comment\",\"target\":[\"https:\/\/zeitaufsee.de\/2023\/07\/02\/fang-der-kleine-orca\/#respond\"]}]},{\"@type\":\"WebPage\",\"@id\":\"https:\/\/zeitaufsee.de\/2023\/07\/02\/fang-der-kleine-orca\/\",\"url\":\"https:\/\/zeitaufsee.de\/2023\/07\/02\/fang-der-kleine-orca\/\",\"name\":\"Fang, der kleine Orca - Zeit auf See\",\"isPartOf\":{\"@id\":\"https:\/\/zeitaufsee.de\/#website\"},\"primaryImageOfPage\":{\"@id\":\"https:\/\/zeitaufsee.de\/2023\/07\/02\/fang-der-kleine-orca\/#primaryimage\"},\"image\":{\"@id\":\"https:\/\/zeitaufsee.de\/2023\/07\/02\/fang-der-kleine-orca\/#primaryimage\"},\"thumbnailUrl\":\"https:\/\/zeitaufsee.de\/wp-content\/uploads\/2023\/07\/kleiner-Orca-1.png\",\"datePublished\":\"2023-07-02T10:30:58+00:00\",\"dateModified\":\"2023-08-12T08:40:43+00:00\",\"author\":{\"@id\":\"https:\/\/zeitaufsee.de\/#\/schema\/person\/ed712c226220d727ae1df433d7756cb5\"},\"breadcrumb\":{\"@id\":\"https:\/\/zeitaufsee.de\/2023\/07\/02\/fang-der-kleine-orca\/#breadcrumb\"},\"inLanguage\":\"en-GB\",\"potentialAction\":[{\"@type\":\"ReadAction\",\"target\":[\"https:\/\/zeitaufsee.de\/2023\/07\/02\/fang-der-kleine-orca\/\"]}]},{\"@type\":\"ImageObject\",\"inLanguage\":\"en-GB\",\"@id\":\"https:\/\/zeitaufsee.de\/2023\/07\/02\/fang-der-kleine-orca\/#primaryimage\",\"url\":\"https:\/\/zeitaufsee.de\/wp-content\/uploads\/2023\/07\/kleiner-Orca-1.png\",\"contentUrl\":\"https:\/\/zeitaufsee.de\/wp-content\/uploads\/2023\/07\/kleiner-Orca-1.png\",\"width\":400,\"height\":252},{\"@type\":\"BreadcrumbList\",\"@id\":\"https:\/\/zeitaufsee.de\/2023\/07\/02\/fang-der-kleine-orca\/#breadcrumb\",\"itemListElement\":[{\"@type\":\"ListItem\",\"position\":1,\"name\":\"Startseite\",\"item\":\"https:\/\/zeitaufsee.de\/\"},{\"@type\":\"ListItem\",\"position\":2,\"name\":\"Fang, der kleine Orca\"}]},{\"@type\":\"WebSite\",\"@id\":\"https:\/\/zeitaufsee.de\/#website\",\"url\":\"https:\/\/zeitaufsee.de\/\",\"name\":\"Zeit auf See\",\"description\":\"Auf den Spuren des Odysseus\",\"potentialAction\":[{\"@type\":\"SearchAction\",\"target\":{\"@type\":\"EntryPoint\",\"urlTemplate\":\"https:\/\/zeitaufsee.de\/?s={search_term_string}\"},\"query-input\":{\"@type\":\"PropertyValueSpecification\",\"valueRequired\":true,\"valueName\":\"search_term_string\"}}],\"inLanguage\":\"en-GB\"},{\"@type\":\"Person\",\"@id\":\"https:\/\/zeitaufsee.de\/#\/schema\/person\/ed712c226220d727ae1df433d7756cb5\",\"name\":\"KMF\",\"image\":{\"@type\":\"ImageObject\",\"inLanguage\":\"en-GB\",\"@id\":\"http:\/\/zeitaufsee.de\/wp-content\/uploads\/2022\/10\/KMF-AutorPix-e1670146290576.jpg\",\"url\":\"http:\/\/zeitaufsee.de\/wp-content\/uploads\/2022\/10\/KMF-AutorPix-e1670146290576.jpg\",\"contentUrl\":\"http:\/\/zeitaufsee.de\/wp-content\/uploads\/2022\/10\/KMF-AutorPix-e1670146290576.jpg\",\"caption\":\"KMF\"},\"description\":\"Segler, Autor\",\"sameAs\":[\"https:\/\/klausmariafischer.de\"],\"url\":\"https:\/\/zeitaufsee.de\/en\/author\/web22598256\/\"}]}<\/script>\n<!-- \/ Yoast SEO plugin. -->","yoast_head_json":{"title":"Fang, der kleine Orca - Zeit auf See","robots":{"index":"index","follow":"follow","max-snippet":"max-snippet:-1","max-image-preview":"max-image-preview:large","max-video-preview":"max-video-preview:-1"},"canonical":"https:\/\/zeitaufsee.de\/en\/2023\/07\/02\/fang-der-kleine-orca\/","og_locale":"en_GB","og_type":"article","og_title":"Fang, der kleine Orca - Zeit auf See","og_description":"&#8222;Es war einmal eine Orca-Mama mit ihren drei Orca- Kids Fin, Flynn und Fang, die schwammen durch den Golf von Cadiz. Klein Fin schwamm abseits und war schlecht gelaunt.&#8222;Was ist denn los, mein Kleiner?&#8220;, fragte die Orca-Mama.&#8222;Wir m\u00fcssen immer soweit schwimmen. Ich will eine Pause machen. Ich habe Hunger.&#8220;&#8222;Wir k\u00f6nnen erst essen, wenn ich Euch [&hellip;]","og_url":"https:\/\/zeitaufsee.de\/en\/2023\/07\/02\/fang-der-kleine-orca\/","og_site_name":"Zeit auf See","article_published_time":"2023-07-02T10:30:58+00:00","article_modified_time":"2023-08-12T08:40:43+00:00","og_image":[{"width":400,"height":252,"url":"https:\/\/zeitaufsee.de\/wp-content\/uploads\/2023\/07\/kleiner-Orca-1.png","type":"image\/png"}],"author":"KMF","twitter_card":"summary_large_image","twitter_misc":{"Written by":"KMF","Estimated reading time":"4 minutes"},"schema":{"@context":"https:\/\/schema.org","@graph":[{"@type":"Article","@id":"https:\/\/zeitaufsee.de\/2023\/07\/02\/fang-der-kleine-orca\/#article","isPartOf":{"@id":"https:\/\/zeitaufsee.de\/2023\/07\/02\/fang-der-kleine-orca\/"},"author":{"name":"KMF","@id":"https:\/\/zeitaufsee.de\/#\/schema\/person\/ed712c226220d727ae1df433d7756cb5"},"headline":"Fang, der kleine Orca","datePublished":"2023-07-02T10:30:58+00:00","dateModified":"2023-08-12T08:40:43+00:00","mainEntityOfPage":{"@id":"https:\/\/zeitaufsee.de\/2023\/07\/02\/fang-der-kleine-orca\/"},"wordCount":516,"commentCount":0,"image":{"@id":"https:\/\/zeitaufsee.de\/2023\/07\/02\/fang-der-kleine-orca\/#primaryimage"},"thumbnailUrl":"https:\/\/zeitaufsee.de\/wp-content\/uploads\/2023\/07\/kleiner-Orca-1.png","keywords":["Abenteuer","Orca"],"articleSection":["Odyssee"],"inLanguage":"en-GB","potentialAction":[{"@type":"CommentAction","name":"Comment","target":["https:\/\/zeitaufsee.de\/2023\/07\/02\/fang-der-kleine-orca\/#respond"]}]},{"@type":"WebPage","@id":"https:\/\/zeitaufsee.de\/2023\/07\/02\/fang-der-kleine-orca\/","url":"https:\/\/zeitaufsee.de\/2023\/07\/02\/fang-der-kleine-orca\/","name":"Fang, der kleine Orca - Zeit auf See","isPartOf":{"@id":"https:\/\/zeitaufsee.de\/#website"},"primaryImageOfPage":{"@id":"https:\/\/zeitaufsee.de\/2023\/07\/02\/fang-der-kleine-orca\/#primaryimage"},"image":{"@id":"https:\/\/zeitaufsee.de\/2023\/07\/02\/fang-der-kleine-orca\/#primaryimage"},"thumbnailUrl":"https:\/\/zeitaufsee.de\/wp-content\/uploads\/2023\/07\/kleiner-Orca-1.png","datePublished":"2023-07-02T10:30:58+00:00","dateModified":"2023-08-12T08:40:43+00:00","author":{"@id":"https:\/\/zeitaufsee.de\/#\/schema\/person\/ed712c226220d727ae1df433d7756cb5"},"breadcrumb":{"@id":"https:\/\/zeitaufsee.de\/2023\/07\/02\/fang-der-kleine-orca\/#breadcrumb"},"inLanguage":"en-GB","potentialAction":[{"@type":"ReadAction","target":["https:\/\/zeitaufsee.de\/2023\/07\/02\/fang-der-kleine-orca\/"]}]},{"@type":"ImageObject","inLanguage":"en-GB","@id":"https:\/\/zeitaufsee.de\/2023\/07\/02\/fang-der-kleine-orca\/#primaryimage","url":"https:\/\/zeitaufsee.de\/wp-content\/uploads\/2023\/07\/kleiner-Orca-1.png","contentUrl":"https:\/\/zeitaufsee.de\/wp-content\/uploads\/2023\/07\/kleiner-Orca-1.png","width":400,"height":252},{"@type":"BreadcrumbList","@id":"https:\/\/zeitaufsee.de\/2023\/07\/02\/fang-der-kleine-orca\/#breadcrumb","itemListElement":[{"@type":"ListItem","position":1,"name":"Startseite","item":"https:\/\/zeitaufsee.de\/"},{"@type":"ListItem","position":2,"name":"Fang, der kleine Orca"}]},{"@type":"WebSite","@id":"https:\/\/zeitaufsee.de\/#website","url":"https:\/\/zeitaufsee.de\/","name":"Time at Sea","description":"Auf den Spuren des Odysseus","potentialAction":[{"@type":"SearchAction","target":{"@type":"EntryPoint","urlTemplate":"https:\/\/zeitaufsee.de\/?s={search_term_string}"},"query-input":{"@type":"PropertyValueSpecification","valueRequired":true,"valueName":"search_term_string"}}],"inLanguage":"en-GB"},{"@type":"Person","@id":"https:\/\/zeitaufsee.de\/#\/schema\/person\/ed712c226220d727ae1df433d7756cb5","name":"KMF","image":{"@type":"ImageObject","inLanguage":"en-GB","@id":"http:\/\/zeitaufsee.de\/wp-content\/uploads\/2022\/10\/KMF-AutorPix-e1670146290576.jpg","url":"http:\/\/zeitaufsee.de\/wp-content\/uploads\/2022\/10\/KMF-AutorPix-e1670146290576.jpg","contentUrl":"http:\/\/zeitaufsee.de\/wp-content\/uploads\/2022\/10\/KMF-AutorPix-e1670146290576.jpg","caption":"KMF"},"description":"Segler, Autor","sameAs":["https:\/\/klausmariafischer.de"],"url":"https:\/\/zeitaufsee.de\/en\/author\/web22598256\/"}]}},"modified_by":"KMF","_links":{"self":[{"href":"https:\/\/zeitaufsee.de\/en\/wp-json\/wp\/v2\/posts\/1582","targetHints":{"allow":["GET"]}}],"collection":[{"href":"https:\/\/zeitaufsee.de\/en\/wp-json\/wp\/v2\/posts"}],"about":[{"href":"https:\/\/zeitaufsee.de\/en\/wp-json\/wp\/v2\/types\/post"}],"author":[{"embeddable":true,"href":"https:\/\/zeitaufsee.de\/en\/wp-json\/wp\/v2\/users\/1"}],"replies":[{"embeddable":true,"href":"https:\/\/zeitaufsee.de\/en\/wp-json\/wp\/v2\/comments?post=1582"}],"version-history":[{"count":8,"href":"https:\/\/zeitaufsee.de\/en\/wp-json\/wp\/v2\/posts\/1582\/revisions"}],"predecessor-version":[{"id":1607,"href":"https:\/\/zeitaufsee.de\/en\/wp-json\/wp\/v2\/posts\/1582\/revisions\/1607"}],"wp:featuredmedia":[{"embeddable":true,"href":"https:\/\/zeitaufsee.de\/en\/wp-json\/wp\/v2\/media\/1584"}],"wp:attachment":[{"href":"https:\/\/zeitaufsee.de\/en\/wp-json\/wp\/v2\/media?parent=1582"}],"wp:term":[{"taxonomy":"category","embeddable":true,"href":"https:\/\/zeitaufsee.de\/en\/wp-json\/wp\/v2\/categories?post=1582"},{"taxonomy":"post_tag","embeddable":true,"href":"https:\/\/zeitaufsee.de\/en\/wp-json\/wp\/v2\/tags?post=1582"}],"curies":[{"name":"wp","href":"https:\/\/api.w.org\/{rel}","templated":true}]}}