{"id":1526,"date":"2023-06-27T11:55:04","date_gmt":"2023-06-27T09:55:04","guid":{"rendered":"http:\/\/zeitaufsee.de\/?p=1526"},"modified":"2023-06-29T13:05:58","modified_gmt":"2023-06-29T11:05:58","slug":"am-ende-des-tages","status":"publish","type":"post","link":"https:\/\/zeitaufsee.de\/en\/2023\/06\/27\/am-ende-des-tages\/","title":{"rendered":"Am Ende des Tages"},"content":{"rendered":"<p>Wir kamen von der Flussm\u00fcndung des Guadalquivir und befinden uns am Ende eines langen Tages kurz vor der Einfahrt zur Isla Culatra bei Faro, als unser Blick \u00fcber Backbord zu einer vierzig Fu\u00df Yacht wandert, die, als w\u00fcrde sie ankern, ohne Segel in der Sonntagssonne auf dem Wasser d\u00fcmpelt.<br>Ich sehe eine Bewegung an der Wasseroberfl\u00e4che. Etwas, das aussieht wie ein kurz auftauchender Delfin. Wir sind bei 36\u00b054&#8242; N 007\u00b049&#8242; W. Es ist der 25.06.2023, 16:05 LT, aber was interessiert sich ein Fisch f\u00fcr eine menschengemachte Positionsangabe, f\u00fcr eine Zeit.<br>Kaum eine Minute sp\u00e4ter taucht der Fisch erneut auf. Er schwimmt in unsere Richtung. Er ist gr\u00f6\u00dfer als ein Delfin, viel gr\u00f6\u00dfer, massiger. Seine Finne ist schmal und lang. Ein Schwertwal. Er h\u00e4lt direkt auf uns zu.<\/p>\n\n\n\n<p>Wir kennen Berichte von Walangriffen auf Yachten. Unter Seglern verbreitet sich so etwas schnell. Einer h\u00f6rt was, einer sagt dazu was, ein Dritter erz\u00e4hlt es weiter, ein richtiges vom H\u00f6ren-sagen ist das. Man kann nichts darauf geben. Dass die Wale zu einer einzigen Rotte geh\u00f6ren und westl. vor Gibraltar ihr Unwesen treiben. Dass sie ihrer Nahrung, den Thunfischschw\u00e4rmen, folgen; diese wiederum den Sardinen. Wenn die Fischer ihre Sardinennetze leer aus dem Wasser ziehen, wei\u00df man, dass keine Wale in der N\u00e4he sind, erkl\u00e4rte uns Denys, der Rigger. Dass die Wale seit einiger Zeit Boote angreifen, gemeinsam, gezielt. Dass sie sie mitunter schubsen, sto\u00dfen, ja sogar drehen, sich bis zu einer Stunde lang einen Spa\u00df daraus machen, Bootsbesatzungen zu erschrecken, wusste einer zu berichten. Vom H\u00f6rensagen. Dass das eigentliche Ziel der intelligenten Tiere aber die Ruderbl\u00e4tter der Yachten sind. Dass sie das auch Ihren Jungtieren beibringen. Das Ann\u00e4hern von hinten unten, der pfeilschnelle Vorsto\u00df aus der Tiefe bis kurz unterhalb der Wasseroberfl\u00e4che, wo sie in einer auslaufenden Bewegung mit einem leichten Kopfsto\u00df das Ruder schubsen. Oder rechtzeitig abbremsen und es mit dem kr\u00e4ftigen Kiefer anknabbern, als wollten sie einen fremden Artgenossen aus ihrem Jagdrevier vertreiben.<br>Ich stelle mir vor wie es sich anf\u00fchlt, wenn f\u00fcnf Tonnen auf ein Ruderblatt treffen. Etwa wie ein Kleinlaster, der mit drei\u00dfig Sachen gegen eine offene Autot\u00fcr f\u00e4hrt. Die T\u00fcr wird mit lautem Krachen aus dem Rahmen gerissen, das ganze Auto wackelt.<br>In ein Schiff hingegen, rei\u00dft von unten ein Loch.<\/p>\n\n\n\n<p>Wir reagieren sofort: Motoren auf Leerlauf, Autopilot aus, Schwimmwesten an.<br>Gespannte Stille an Bord. Die Dream Chaser plfl\u00fcgt gem\u00fctlich durchs Wasser. Bis das Klicken des Funkger\u00e4ts die Stille unterbricht.&nbsp; PAN PAN PAN PAN meldet die IMAGINE auf Kanal 16 und bittet um Hilfe. Sie ist man\u00f6vierunf\u00e4hig, nachdem sie kurz zuvor vom einem Orca gerammt wurde.<br>Es dauert, die Positionsangabe des Schiffes in Grad und Minute nach L\u00e4nge und Breite zu begreifen: Die IMAGINE ist das Boot querab von uns, keine halbe Meile entfernt, und noch w\u00e4hrend ich dabei bin, das zu verstehen, sehe ich den Wal erneut, nur wenige Bootsl\u00e4ngen querab. Er hat ein Ziel.<br>An Bord bleibt es still. Meine Frau steht am Ruder. Ich sehe sie nicht, wei\u00df nicht, was jetzt in ihr vorgeht. Ich gehe vorsichtig in Richtung Reling, halte mich an einem Gest\u00e4nge fest. Halte mich fest, bis die Hand im Krampf schmerzt. Ich gehe zur Reling gegen\u00fcber. Sanft schl\u00e4gt das Wasser der Algarve gegen den Rumpf. Das m\u00fcsste es f\u00fcr uns gewesen sein.<br>Ein dumpfer Schlag trifft den Rumpf.<br>Und kurz darauf sehe ich unseren Moby Dick auf der anderen Seite des Schiffes auf- und wieder abtauchen. Es bleibt still an Bord.<br>Ein zweiter Schlag l\u00e4sst den Rumpf beben. Ich suche den Blick meiner Frau. Er ist frei von Angst.<br>Nach einer weiteren, einer ewigen Minute traue ich mich erneut, zu glauben, zu hoffen, dass es das gewesen ist. Ich greife zum Funkger\u00e4t und rufe die IMAGINE. Wir bieten unsere Hilfe an, sobald der Orca verschwunden ist.<br>Meine Frau legt langsam beide Gashebel nach vorn und will das Steuerrad nach links drehen. Doch es bewegt sich nicht. Das Ruder sitzt fest.<\/p>\n\n\n\n<figure class=\"wp-block-gallery has-nested-images columns-default is-cropped wp-block-gallery-1 is-layout-flex wp-block-gallery-is-layout-flex\">\n<figure class=\"wp-block-image size-large\"><img decoding=\"async\" width=\"364\" height=\"234\" data-id=\"1525\" src=\"http:\/\/zeitaufsee.de\/wp-content\/uploads\/2023\/06\/Screenshot_20230627-151345_DuckDuckGo.jpg\" alt=\"\" class=\"wp-image-1525\" srcset=\"https:\/\/zeitaufsee.de\/wp-content\/uploads\/2023\/06\/Screenshot_20230627-151345_DuckDuckGo.jpg 364w, https:\/\/zeitaufsee.de\/wp-content\/uploads\/2023\/06\/Screenshot_20230627-151345_DuckDuckGo-300x193.jpg 300w, https:\/\/zeitaufsee.de\/wp-content\/uploads\/2023\/06\/Screenshot_20230627-151345_DuckDuckGo-18x12.jpg 18w\" sizes=\"(max-width: 364px) 100vw, 364px\" \/><\/figure>\n<\/figure>\n\n\n\n<figure class=\"wp-block-gallery has-nested-images columns-default is-cropped wp-block-gallery-2 is-layout-flex wp-block-gallery-is-layout-flex\">\n<figure class=\"wp-block-image size-large\"><img decoding=\"async\" width=\"972\" height=\"590\" data-id=\"1524\" src=\"http:\/\/zeitaufsee.de\/wp-content\/uploads\/2023\/06\/Screenshot_20230627-151403_DuckDuckGo.jpg\" alt=\"\" class=\"wp-image-1524\" srcset=\"http:\/\/zeitaufsee.de\/wp-content\/uploads\/2023\/06\/Screenshot_20230627-151403_DuckDuckGo.jpg 972w, http:\/\/zeitaufsee.de\/wp-content\/uploads\/2023\/06\/Screenshot_20230627-151403_DuckDuckGo-480x291.jpg 480w\" sizes=\"(min-width: 0px) and (max-width: 480px) 480px, (min-width: 481px) 972px, 100vw\" \/><\/figure>\n\n\n\n<figure class=\"wp-block-image size-large\"><img decoding=\"async\" width=\"768\" height=\"1024\" data-id=\"1528\" src=\"http:\/\/zeitaufsee.de\/wp-content\/uploads\/2023\/06\/20230625_1605222180581484131023656-768x1024.jpg\" alt=\"\" class=\"wp-image-1528\"\/><\/figure>\n\n\n\n<figure class=\"wp-block-image size-large\"><img decoding=\"async\" width=\"768\" height=\"1024\" data-id=\"1529\" src=\"http:\/\/zeitaufsee.de\/wp-content\/uploads\/2023\/06\/20230627_090041-01-768x1024.jpeg\" alt=\"\" class=\"wp-image-1529\"\/><\/figure>\n\n\n\n<figure class=\"wp-block-image size-large\"><img decoding=\"async\" width=\"1024\" height=\"683\" data-id=\"1530\" src=\"http:\/\/zeitaufsee.de\/wp-content\/uploads\/2023\/06\/20230627_101719-01-1024x683.jpeg\" alt=\"\" class=\"wp-image-1530\" srcset=\"http:\/\/zeitaufsee.de\/wp-content\/uploads\/2023\/06\/20230627_101719-01-980x653.jpeg 980w, http:\/\/zeitaufsee.de\/wp-content\/uploads\/2023\/06\/20230627_101719-01-480x320.jpeg 480w\" sizes=\"(min-width: 0px) and (max-width: 480px) 480px, (min-width: 481px) and (max-width: 980px) 980px, (min-width: 981px) 1024px, 100vw\" \/><\/figure>\n<\/figure>","protected":false},"excerpt":{"rendered":"<p>Wir kamen von der Flussm\u00fcndung des Guadalquivir und befinden uns am Ende eines langen Tages kurz vor der Einfahrt zur Isla Culatra bei Faro, als unser Blick \u00fcber Backbord zu einer vierzig Fu\u00df Yacht wandert, die, als w\u00fcrde sie ankern, ohne Segel in der Sonntagssonne auf dem Wasser d\u00fcmpelt.Ich sehe eine Bewegung an der Wasseroberfl\u00e4che. [&hellip;]<\/p>\n","protected":false},"author":1,"featured_media":1532,"comment_status":"open","ping_status":"open","sticky":false,"template":"","format":"standard","meta":{"_et_pb_use_builder":"","_et_pb_old_content":"","_et_gb_content_width":"","_lmt_disableupdate":"","_lmt_disable":"","footnotes":""},"categories":[1,10,24],"tags":[63,65,64],"class_list":["post-1526","post","type-post","status-publish","format-standard","has-post-thumbnail","hentry","category-allgemein","category-bootsthemen","category-odyssee","tag-abenteuer","tag-ilha-culatra","tag-orca"],"yoast_head":"<!-- This site is optimized with the Yoast SEO plugin v27.2 - https:\/\/yoast.com\/product\/yoast-seo-wordpress\/ -->\n<title>Am Ende des Tages - Zeit auf See<\/title>\n<meta name=\"description\" content=\"Orcabegegnung\" \/>\n<meta name=\"robots\" content=\"index, follow, max-snippet:-1, max-image-preview:large, max-video-preview:-1\" \/>\n<link rel=\"canonical\" href=\"https:\/\/zeitaufsee.de\/en\/2023\/06\/27\/am-ende-des-tages\/\" \/>\n<meta property=\"og:locale\" content=\"en_GB\" \/>\n<meta property=\"og:type\" content=\"article\" \/>\n<meta property=\"og:title\" content=\"Am Ende des Tages - Zeit auf See\" \/>\n<meta property=\"og:description\" content=\"Orcabegegnung\" \/>\n<meta property=\"og:url\" content=\"https:\/\/zeitaufsee.de\/en\/2023\/06\/27\/am-ende-des-tages\/\" \/>\n<meta property=\"og:site_name\" content=\"Zeit auf See\" \/>\n<meta property=\"article:published_time\" content=\"2023-06-27T09:55:04+00:00\" \/>\n<meta property=\"article:modified_time\" content=\"2023-06-29T11:05:58+00:00\" \/>\n<meta property=\"og:image\" content=\"https:\/\/zeitaufsee.de\/wp-content\/uploads\/2023\/06\/19-17594apLA403U03_01_2019more_ailing_orcas.jpg.392669-01.jpeg\" \/>\n\t<meta property=\"og:image:width\" content=\"880\" \/>\n\t<meta property=\"og:image:height\" content=\"1080\" \/>\n\t<meta property=\"og:image:type\" content=\"image\/jpeg\" \/>\n<meta name=\"author\" content=\"KMF\" \/>\n<meta name=\"twitter:card\" content=\"summary_large_image\" \/>\n<meta name=\"twitter:label1\" content=\"Written by\" \/>\n\t<meta name=\"twitter:data1\" content=\"KMF\" \/>\n\t<meta name=\"twitter:label2\" content=\"Estimated reading time\" \/>\n\t<meta name=\"twitter:data2\" content=\"5 minutes\" \/>\n<script type=\"application\/ld+json\" class=\"yoast-schema-graph\">{\"@context\":\"https:\/\/schema.org\",\"@graph\":[{\"@type\":\"Article\",\"@id\":\"https:\/\/zeitaufsee.de\/2023\/06\/27\/am-ende-des-tages\/#article\",\"isPartOf\":{\"@id\":\"https:\/\/zeitaufsee.de\/2023\/06\/27\/am-ende-des-tages\/\"},\"author\":{\"name\":\"KMF\",\"@id\":\"https:\/\/zeitaufsee.de\/#\/schema\/person\/ed712c226220d727ae1df433d7756cb5\"},\"headline\":\"Am Ende des Tages\",\"datePublished\":\"2023-06-27T09:55:04+00:00\",\"dateModified\":\"2023-06-29T11:05:58+00:00\",\"mainEntityOfPage\":{\"@id\":\"https:\/\/zeitaufsee.de\/2023\/06\/27\/am-ende-des-tages\/\"},\"wordCount\":693,\"commentCount\":0,\"image\":{\"@id\":\"https:\/\/zeitaufsee.de\/2023\/06\/27\/am-ende-des-tages\/#primaryimage\"},\"thumbnailUrl\":\"https:\/\/zeitaufsee.de\/wp-content\/uploads\/2023\/06\/19-17594apLA403U03_01_2019more_ailing_orcas.jpg.392669-01.jpeg\",\"keywords\":[\"Abenteuer\",\"Ilha Culatra\",\"Orca\"],\"articleSection\":[\"Allgemein\",\"Bootsthemen\",\"Odyssee\"],\"inLanguage\":\"en-GB\",\"potentialAction\":[{\"@type\":\"CommentAction\",\"name\":\"Comment\",\"target\":[\"https:\/\/zeitaufsee.de\/2023\/06\/27\/am-ende-des-tages\/#respond\"]}]},{\"@type\":\"WebPage\",\"@id\":\"https:\/\/zeitaufsee.de\/2023\/06\/27\/am-ende-des-tages\/\",\"url\":\"https:\/\/zeitaufsee.de\/2023\/06\/27\/am-ende-des-tages\/\",\"name\":\"Am Ende des Tages - Zeit auf See\",\"isPartOf\":{\"@id\":\"https:\/\/zeitaufsee.de\/#website\"},\"primaryImageOfPage\":{\"@id\":\"https:\/\/zeitaufsee.de\/2023\/06\/27\/am-ende-des-tages\/#primaryimage\"},\"image\":{\"@id\":\"https:\/\/zeitaufsee.de\/2023\/06\/27\/am-ende-des-tages\/#primaryimage\"},\"thumbnailUrl\":\"https:\/\/zeitaufsee.de\/wp-content\/uploads\/2023\/06\/19-17594apLA403U03_01_2019more_ailing_orcas.jpg.392669-01.jpeg\",\"datePublished\":\"2023-06-27T09:55:04+00:00\",\"dateModified\":\"2023-06-29T11:05:58+00:00\",\"author\":{\"@id\":\"https:\/\/zeitaufsee.de\/#\/schema\/person\/ed712c226220d727ae1df433d7756cb5\"},\"description\":\"Orcabegegnung\",\"breadcrumb\":{\"@id\":\"https:\/\/zeitaufsee.de\/2023\/06\/27\/am-ende-des-tages\/#breadcrumb\"},\"inLanguage\":\"en-GB\",\"potentialAction\":[{\"@type\":\"ReadAction\",\"target\":[\"https:\/\/zeitaufsee.de\/2023\/06\/27\/am-ende-des-tages\/\"]}]},{\"@type\":\"ImageObject\",\"inLanguage\":\"en-GB\",\"@id\":\"https:\/\/zeitaufsee.de\/2023\/06\/27\/am-ende-des-tages\/#primaryimage\",\"url\":\"https:\/\/zeitaufsee.de\/wp-content\/uploads\/2023\/06\/19-17594apLA403U03_01_2019more_ailing_orcas.jpg.392669-01.jpeg\",\"contentUrl\":\"https:\/\/zeitaufsee.de\/wp-content\/uploads\/2023\/06\/19-17594apLA403U03_01_2019more_ailing_orcas.jpg.392669-01.jpeg\",\"width\":880,\"height\":1080},{\"@type\":\"BreadcrumbList\",\"@id\":\"https:\/\/zeitaufsee.de\/2023\/06\/27\/am-ende-des-tages\/#breadcrumb\",\"itemListElement\":[{\"@type\":\"ListItem\",\"position\":1,\"name\":\"Startseite\",\"item\":\"https:\/\/zeitaufsee.de\/\"},{\"@type\":\"ListItem\",\"position\":2,\"name\":\"Am Ende des Tages\"}]},{\"@type\":\"WebSite\",\"@id\":\"https:\/\/zeitaufsee.de\/#website\",\"url\":\"https:\/\/zeitaufsee.de\/\",\"name\":\"Zeit auf See\",\"description\":\"Auf den Spuren des Odysseus\",\"potentialAction\":[{\"@type\":\"SearchAction\",\"target\":{\"@type\":\"EntryPoint\",\"urlTemplate\":\"https:\/\/zeitaufsee.de\/?s={search_term_string}\"},\"query-input\":{\"@type\":\"PropertyValueSpecification\",\"valueRequired\":true,\"valueName\":\"search_term_string\"}}],\"inLanguage\":\"en-GB\"},{\"@type\":\"Person\",\"@id\":\"https:\/\/zeitaufsee.de\/#\/schema\/person\/ed712c226220d727ae1df433d7756cb5\",\"name\":\"KMF\",\"image\":{\"@type\":\"ImageObject\",\"inLanguage\":\"en-GB\",\"@id\":\"http:\/\/zeitaufsee.de\/wp-content\/uploads\/2022\/10\/KMF-AutorPix-e1670146290576.jpg\",\"url\":\"http:\/\/zeitaufsee.de\/wp-content\/uploads\/2022\/10\/KMF-AutorPix-e1670146290576.jpg\",\"contentUrl\":\"http:\/\/zeitaufsee.de\/wp-content\/uploads\/2022\/10\/KMF-AutorPix-e1670146290576.jpg\",\"caption\":\"KMF\"},\"description\":\"Segler, Autor\",\"sameAs\":[\"https:\/\/klausmariafischer.de\"],\"url\":\"https:\/\/zeitaufsee.de\/en\/author\/web22598256\/\"}]}<\/script>\n<!-- \/ Yoast SEO plugin. -->","yoast_head_json":{"title":"Am Ende des Tages - Zeit auf See","description":"Orcabegegnung","robots":{"index":"index","follow":"follow","max-snippet":"max-snippet:-1","max-image-preview":"max-image-preview:large","max-video-preview":"max-video-preview:-1"},"canonical":"https:\/\/zeitaufsee.de\/en\/2023\/06\/27\/am-ende-des-tages\/","og_locale":"en_GB","og_type":"article","og_title":"Am Ende des Tages - Zeit auf See","og_description":"Orcabegegnung","og_url":"https:\/\/zeitaufsee.de\/en\/2023\/06\/27\/am-ende-des-tages\/","og_site_name":"Zeit auf See","article_published_time":"2023-06-27T09:55:04+00:00","article_modified_time":"2023-06-29T11:05:58+00:00","og_image":[{"width":880,"height":1080,"url":"https:\/\/zeitaufsee.de\/wp-content\/uploads\/2023\/06\/19-17594apLA403U03_01_2019more_ailing_orcas.jpg.392669-01.jpeg","type":"image\/jpeg"}],"author":"KMF","twitter_card":"summary_large_image","twitter_misc":{"Written by":"KMF","Estimated reading time":"5 minutes"},"schema":{"@context":"https:\/\/schema.org","@graph":[{"@type":"Article","@id":"https:\/\/zeitaufsee.de\/2023\/06\/27\/am-ende-des-tages\/#article","isPartOf":{"@id":"https:\/\/zeitaufsee.de\/2023\/06\/27\/am-ende-des-tages\/"},"author":{"name":"KMF","@id":"https:\/\/zeitaufsee.de\/#\/schema\/person\/ed712c226220d727ae1df433d7756cb5"},"headline":"Am Ende des Tages","datePublished":"2023-06-27T09:55:04+00:00","dateModified":"2023-06-29T11:05:58+00:00","mainEntityOfPage":{"@id":"https:\/\/zeitaufsee.de\/2023\/06\/27\/am-ende-des-tages\/"},"wordCount":693,"commentCount":0,"image":{"@id":"https:\/\/zeitaufsee.de\/2023\/06\/27\/am-ende-des-tages\/#primaryimage"},"thumbnailUrl":"https:\/\/zeitaufsee.de\/wp-content\/uploads\/2023\/06\/19-17594apLA403U03_01_2019more_ailing_orcas.jpg.392669-01.jpeg","keywords":["Abenteuer","Ilha Culatra","Orca"],"articleSection":["Allgemein","Bootsthemen","Odyssee"],"inLanguage":"en-GB","potentialAction":[{"@type":"CommentAction","name":"Comment","target":["https:\/\/zeitaufsee.de\/2023\/06\/27\/am-ende-des-tages\/#respond"]}]},{"@type":"WebPage","@id":"https:\/\/zeitaufsee.de\/2023\/06\/27\/am-ende-des-tages\/","url":"https:\/\/zeitaufsee.de\/2023\/06\/27\/am-ende-des-tages\/","name":"Am Ende des Tages - Zeit auf See","isPartOf":{"@id":"https:\/\/zeitaufsee.de\/#website"},"primaryImageOfPage":{"@id":"https:\/\/zeitaufsee.de\/2023\/06\/27\/am-ende-des-tages\/#primaryimage"},"image":{"@id":"https:\/\/zeitaufsee.de\/2023\/06\/27\/am-ende-des-tages\/#primaryimage"},"thumbnailUrl":"https:\/\/zeitaufsee.de\/wp-content\/uploads\/2023\/06\/19-17594apLA403U03_01_2019more_ailing_orcas.jpg.392669-01.jpeg","datePublished":"2023-06-27T09:55:04+00:00","dateModified":"2023-06-29T11:05:58+00:00","author":{"@id":"https:\/\/zeitaufsee.de\/#\/schema\/person\/ed712c226220d727ae1df433d7756cb5"},"description":"Orcabegegnung","breadcrumb":{"@id":"https:\/\/zeitaufsee.de\/2023\/06\/27\/am-ende-des-tages\/#breadcrumb"},"inLanguage":"en-GB","potentialAction":[{"@type":"ReadAction","target":["https:\/\/zeitaufsee.de\/2023\/06\/27\/am-ende-des-tages\/"]}]},{"@type":"ImageObject","inLanguage":"en-GB","@id":"https:\/\/zeitaufsee.de\/2023\/06\/27\/am-ende-des-tages\/#primaryimage","url":"https:\/\/zeitaufsee.de\/wp-content\/uploads\/2023\/06\/19-17594apLA403U03_01_2019more_ailing_orcas.jpg.392669-01.jpeg","contentUrl":"https:\/\/zeitaufsee.de\/wp-content\/uploads\/2023\/06\/19-17594apLA403U03_01_2019more_ailing_orcas.jpg.392669-01.jpeg","width":880,"height":1080},{"@type":"BreadcrumbList","@id":"https:\/\/zeitaufsee.de\/2023\/06\/27\/am-ende-des-tages\/#breadcrumb","itemListElement":[{"@type":"ListItem","position":1,"name":"Startseite","item":"https:\/\/zeitaufsee.de\/"},{"@type":"ListItem","position":2,"name":"Am Ende des Tages"}]},{"@type":"WebSite","@id":"https:\/\/zeitaufsee.de\/#website","url":"https:\/\/zeitaufsee.de\/","name":"Time at Sea","description":"Auf den Spuren des Odysseus","potentialAction":[{"@type":"SearchAction","target":{"@type":"EntryPoint","urlTemplate":"https:\/\/zeitaufsee.de\/?s={search_term_string}"},"query-input":{"@type":"PropertyValueSpecification","valueRequired":true,"valueName":"search_term_string"}}],"inLanguage":"en-GB"},{"@type":"Person","@id":"https:\/\/zeitaufsee.de\/#\/schema\/person\/ed712c226220d727ae1df433d7756cb5","name":"KMF","image":{"@type":"ImageObject","inLanguage":"en-GB","@id":"http:\/\/zeitaufsee.de\/wp-content\/uploads\/2022\/10\/KMF-AutorPix-e1670146290576.jpg","url":"http:\/\/zeitaufsee.de\/wp-content\/uploads\/2022\/10\/KMF-AutorPix-e1670146290576.jpg","contentUrl":"http:\/\/zeitaufsee.de\/wp-content\/uploads\/2022\/10\/KMF-AutorPix-e1670146290576.jpg","caption":"KMF"},"description":"Segler, Autor","sameAs":["https:\/\/klausmariafischer.de"],"url":"https:\/\/zeitaufsee.de\/en\/author\/web22598256\/"}]}},"modified_by":"KMF","_links":{"self":[{"href":"https:\/\/zeitaufsee.de\/en\/wp-json\/wp\/v2\/posts\/1526","targetHints":{"allow":["GET"]}}],"collection":[{"href":"https:\/\/zeitaufsee.de\/en\/wp-json\/wp\/v2\/posts"}],"about":[{"href":"https:\/\/zeitaufsee.de\/en\/wp-json\/wp\/v2\/types\/post"}],"author":[{"embeddable":true,"href":"https:\/\/zeitaufsee.de\/en\/wp-json\/wp\/v2\/users\/1"}],"replies":[{"embeddable":true,"href":"https:\/\/zeitaufsee.de\/en\/wp-json\/wp\/v2\/comments?post=1526"}],"version-history":[{"count":3,"href":"https:\/\/zeitaufsee.de\/en\/wp-json\/wp\/v2\/posts\/1526\/revisions"}],"predecessor-version":[{"id":1534,"href":"https:\/\/zeitaufsee.de\/en\/wp-json\/wp\/v2\/posts\/1526\/revisions\/1534"}],"wp:featuredmedia":[{"embeddable":true,"href":"https:\/\/zeitaufsee.de\/en\/wp-json\/wp\/v2\/media\/1532"}],"wp:attachment":[{"href":"https:\/\/zeitaufsee.de\/en\/wp-json\/wp\/v2\/media?parent=1526"}],"wp:term":[{"taxonomy":"category","embeddable":true,"href":"https:\/\/zeitaufsee.de\/en\/wp-json\/wp\/v2\/categories?post=1526"},{"taxonomy":"post_tag","embeddable":true,"href":"https:\/\/zeitaufsee.de\/en\/wp-json\/wp\/v2\/tags?post=1526"}],"curies":[{"name":"wp","href":"https:\/\/api.w.org\/{rel}","templated":true}]}}