{"id":1469,"date":"2023-05-15T19:12:09","date_gmt":"2023-05-15T17:12:09","guid":{"rendered":"http:\/\/zeitaufsee.de\/?p=1469"},"modified":"2023-05-15T19:13:14","modified_gmt":"2023-05-15T17:13:14","slug":"buchthopping","status":"publish","type":"post","link":"https:\/\/zeitaufsee.de\/en\/2023\/05\/15\/buchthopping\/","title":{"rendered":"Buchthopping"},"content":{"rendered":"<p>Der Fr\u00fchling ist mit voller Wucht an der Algarve eingefahren. Kr\u00e4ftig durchw\u00e4rmt die Sonne den noch winterkalten K\u00f6rper und der frische Wind, der von den H\u00fcgeln herab an die K\u00fcste weht, h\u00e4lt sie nicht davon ab. <\/p>\n\n\n\n<p>\u00dcber den ersten Mai sind Freunde aus Deutschland zu Besuch. Yvonne und Dominik sind kurzfristig von D\u00fcsseldorf nach Faro geflogen. Ein paar Tage raus. Raus aus dem Alltag, raus auf&#8217;s Wasser. Wir lassen es gem\u00fctlich angehen, fahren nach Westen und werfen den Anker in der n\u00e4chstbesten Bucht. Morgens um zehn ist sie noch menschenleer. Wir haben sie f\u00fcr uns allein und tauchen ein in die Faszination der Felsk\u00fcste, erkunden Grotten und H\u00f6hlen mit dem Dinghy. Am Nachmittag lichten wir Anker und setzen Segel. Kurz S\u00fcd. Wenn wir es so \u00fcber Nacht laufen lassen, taucht morgen fr\u00fch die K\u00fcste bei Casablanca vor uns auf&#8230; Alles zu seiner Zeit. <\/p>\n\n\n\n<p>Wir liegen abends wieder sicher im Hafen und freuen uns auf einen Pfanne King Prawns, Portugese Style. Viermal bitte, ordert Carola bei der Bedienung und freut sich schon darauf, das frische Brot in die w\u00fcrzige Sauce zu stippen.    <\/p>\n\n\n\n<div class=\"wp-block-group is-layout-constrained wp-block-group-is-layout-constrained\">\n<figure class=\"wp-block-gallery has-nested-images columns-default is-cropped wp-block-gallery-1 is-layout-flex wp-block-gallery-is-layout-flex\">\n<figure class=\"wp-block-image size-large\"><img decoding=\"async\" width=\"1024\" height=\"576\" data-id=\"1484\" src=\"http:\/\/zeitaufsee.de\/wp-content\/uploads\/2023\/05\/Urlaub2-1024x576.jpg\" alt=\"\" class=\"wp-image-1484\" srcset=\"http:\/\/zeitaufsee.de\/wp-content\/uploads\/2023\/05\/Urlaub2-980x551.jpg 980w, http:\/\/zeitaufsee.de\/wp-content\/uploads\/2023\/05\/Urlaub2-480x270.jpg 480w\" sizes=\"(min-width: 0px) and (max-width: 480px) 480px, (min-width: 481px) and (max-width: 980px) 980px, (min-width: 981px) 1024px, 100vw\" \/><\/figure>\n\n\n\n<figure class=\"wp-block-image size-large\"><img decoding=\"async\" width=\"1024\" height=\"576\" data-id=\"1483\" src=\"http:\/\/zeitaufsee.de\/wp-content\/uploads\/2023\/05\/Urlaub4-1024x576.jpg\" alt=\"\" class=\"wp-image-1483\" srcset=\"http:\/\/zeitaufsee.de\/wp-content\/uploads\/2023\/05\/Urlaub4-980x552.jpg 980w, http:\/\/zeitaufsee.de\/wp-content\/uploads\/2023\/05\/Urlaub4-480x270.jpg 480w\" sizes=\"(min-width: 0px) and (max-width: 480px) 480px, (min-width: 481px) and (max-width: 980px) 980px, (min-width: 981px) 1024px, 100vw\" \/><\/figure>\n<\/figure>\n<\/div>\n\n\n\n<p>  <\/p>","protected":false},"excerpt":{"rendered":"<p>Der Fr\u00fchling ist mit voller Wucht an der Algarve eingefahren. Kr\u00e4ftig durchw\u00e4rmt die Sonne den noch winterkalten K\u00f6rper und der frische Wind, der von den H\u00fcgeln herab an die K\u00fcste weht, h\u00e4lt sie nicht davon ab. \u00dcber den ersten Mai sind Freunde aus Deutschland zu Besuch. Yvonne und Dominik sind kurzfristig von D\u00fcsseldorf nach Faro [&hellip;]<\/p>\n","protected":false},"author":1,"featured_media":0,"comment_status":"open","ping_status":"open","sticky":false,"template":"","format":"standard","meta":{"_et_pb_use_builder":"","_et_pb_old_content":"","_et_gb_content_width":"","_lmt_disableupdate":"","_lmt_disable":"","footnotes":""},"categories":[23],"tags":[],"class_list":["post-1469","post","type-post","status-publish","format-standard","hentry","category-mitsegeln"],"yoast_head":"<!-- This site is optimized with the Yoast SEO plugin v27.2 - https:\/\/yoast.com\/product\/yoast-seo-wordpress\/ -->\n<title>Buchthopping - Zeit auf See<\/title>\n<meta name=\"robots\" content=\"index, follow, max-snippet:-1, max-image-preview:large, max-video-preview:-1\" \/>\n<link rel=\"canonical\" href=\"https:\/\/zeitaufsee.de\/en\/2023\/05\/15\/buchthopping\/\" \/>\n<meta property=\"og:locale\" content=\"en_GB\" \/>\n<meta property=\"og:type\" content=\"article\" \/>\n<meta property=\"og:title\" content=\"Buchthopping - Zeit auf See\" \/>\n<meta property=\"og:description\" content=\"Der Fr\u00fchling ist mit voller Wucht an der Algarve eingefahren. Kr\u00e4ftig durchw\u00e4rmt die Sonne den noch winterkalten K\u00f6rper und der frische Wind, der von den H\u00fcgeln herab an die K\u00fcste weht, h\u00e4lt sie nicht davon ab. \u00dcber den ersten Mai sind Freunde aus Deutschland zu Besuch. Yvonne und Dominik sind kurzfristig von D\u00fcsseldorf nach Faro [&hellip;]\" \/>\n<meta property=\"og:url\" content=\"https:\/\/zeitaufsee.de\/en\/2023\/05\/15\/buchthopping\/\" \/>\n<meta property=\"og:site_name\" content=\"Zeit auf See\" \/>\n<meta property=\"article:published_time\" content=\"2023-05-15T17:12:09+00:00\" \/>\n<meta property=\"article:modified_time\" content=\"2023-05-15T17:13:14+00:00\" \/>\n<meta property=\"og:image\" content=\"http:\/\/zeitaufsee.de\/wp-content\/uploads\/2023\/05\/Urlaub2-1024x576.jpg\" \/>\n<meta name=\"author\" content=\"KMF\" \/>\n<meta name=\"twitter:card\" content=\"summary_large_image\" \/>\n<meta name=\"twitter:label1\" content=\"Written by\" \/>\n\t<meta name=\"twitter:data1\" content=\"KMF\" \/>\n\t<meta name=\"twitter:label2\" content=\"Estimated reading time\" \/>\n\t<meta name=\"twitter:data2\" content=\"2 minutes\" \/>\n<script type=\"application\/ld+json\" class=\"yoast-schema-graph\">{\"@context\":\"https:\/\/schema.org\",\"@graph\":[{\"@type\":\"Article\",\"@id\":\"https:\/\/zeitaufsee.de\/2023\/05\/15\/buchthopping\/#article\",\"isPartOf\":{\"@id\":\"https:\/\/zeitaufsee.de\/2023\/05\/15\/buchthopping\/\"},\"author\":{\"name\":\"KMF\",\"@id\":\"https:\/\/zeitaufsee.de\/#\/schema\/person\/ed712c226220d727ae1df433d7756cb5\"},\"headline\":\"Buchthopping\",\"datePublished\":\"2023-05-15T17:12:09+00:00\",\"dateModified\":\"2023-05-15T17:13:14+00:00\",\"mainEntityOfPage\":{\"@id\":\"https:\/\/zeitaufsee.de\/2023\/05\/15\/buchthopping\/\"},\"wordCount\":200,\"commentCount\":0,\"image\":{\"@id\":\"https:\/\/zeitaufsee.de\/2023\/05\/15\/buchthopping\/#primaryimage\"},\"thumbnailUrl\":\"http:\/\/zeitaufsee.de\/wp-content\/uploads\/2023\/05\/Urlaub2-1024x576.jpg\",\"articleSection\":[\"Mitsegeln\"],\"inLanguage\":\"en-GB\",\"potentialAction\":[{\"@type\":\"CommentAction\",\"name\":\"Comment\",\"target\":[\"https:\/\/zeitaufsee.de\/2023\/05\/15\/buchthopping\/#respond\"]}]},{\"@type\":\"WebPage\",\"@id\":\"https:\/\/zeitaufsee.de\/2023\/05\/15\/buchthopping\/\",\"url\":\"https:\/\/zeitaufsee.de\/2023\/05\/15\/buchthopping\/\",\"name\":\"Buchthopping - Zeit auf See\",\"isPartOf\":{\"@id\":\"https:\/\/zeitaufsee.de\/#website\"},\"primaryImageOfPage\":{\"@id\":\"https:\/\/zeitaufsee.de\/2023\/05\/15\/buchthopping\/#primaryimage\"},\"image\":{\"@id\":\"https:\/\/zeitaufsee.de\/2023\/05\/15\/buchthopping\/#primaryimage\"},\"thumbnailUrl\":\"http:\/\/zeitaufsee.de\/wp-content\/uploads\/2023\/05\/Urlaub2-1024x576.jpg\",\"datePublished\":\"2023-05-15T17:12:09+00:00\",\"dateModified\":\"2023-05-15T17:13:14+00:00\",\"author\":{\"@id\":\"https:\/\/zeitaufsee.de\/#\/schema\/person\/ed712c226220d727ae1df433d7756cb5\"},\"breadcrumb\":{\"@id\":\"https:\/\/zeitaufsee.de\/2023\/05\/15\/buchthopping\/#breadcrumb\"},\"inLanguage\":\"en-GB\",\"potentialAction\":[{\"@type\":\"ReadAction\",\"target\":[\"https:\/\/zeitaufsee.de\/2023\/05\/15\/buchthopping\/\"]}]},{\"@type\":\"ImageObject\",\"inLanguage\":\"en-GB\",\"@id\":\"https:\/\/zeitaufsee.de\/2023\/05\/15\/buchthopping\/#primaryimage\",\"url\":\"http:\/\/zeitaufsee.de\/wp-content\/uploads\/2023\/05\/Urlaub2-1024x576.jpg\",\"contentUrl\":\"http:\/\/zeitaufsee.de\/wp-content\/uploads\/2023\/05\/Urlaub2-1024x576.jpg\"},{\"@type\":\"BreadcrumbList\",\"@id\":\"https:\/\/zeitaufsee.de\/2023\/05\/15\/buchthopping\/#breadcrumb\",\"itemListElement\":[{\"@type\":\"ListItem\",\"position\":1,\"name\":\"Startseite\",\"item\":\"https:\/\/zeitaufsee.de\/\"},{\"@type\":\"ListItem\",\"position\":2,\"name\":\"Buchthopping\"}]},{\"@type\":\"WebSite\",\"@id\":\"https:\/\/zeitaufsee.de\/#website\",\"url\":\"https:\/\/zeitaufsee.de\/\",\"name\":\"Zeit auf See\",\"description\":\"Auf den Spuren des Odysseus\",\"potentialAction\":[{\"@type\":\"SearchAction\",\"target\":{\"@type\":\"EntryPoint\",\"urlTemplate\":\"https:\/\/zeitaufsee.de\/?s={search_term_string}\"},\"query-input\":{\"@type\":\"PropertyValueSpecification\",\"valueRequired\":true,\"valueName\":\"search_term_string\"}}],\"inLanguage\":\"en-GB\"},{\"@type\":\"Person\",\"@id\":\"https:\/\/zeitaufsee.de\/#\/schema\/person\/ed712c226220d727ae1df433d7756cb5\",\"name\":\"KMF\",\"image\":{\"@type\":\"ImageObject\",\"inLanguage\":\"en-GB\",\"@id\":\"http:\/\/zeitaufsee.de\/wp-content\/uploads\/2022\/10\/KMF-AutorPix-e1670146290576.jpg\",\"url\":\"http:\/\/zeitaufsee.de\/wp-content\/uploads\/2022\/10\/KMF-AutorPix-e1670146290576.jpg\",\"contentUrl\":\"http:\/\/zeitaufsee.de\/wp-content\/uploads\/2022\/10\/KMF-AutorPix-e1670146290576.jpg\",\"caption\":\"KMF\"},\"description\":\"Segler, Autor\",\"sameAs\":[\"https:\/\/klausmariafischer.de\"],\"url\":\"https:\/\/zeitaufsee.de\/en\/author\/web22598256\/\"}]}<\/script>\n<!-- \/ Yoast SEO plugin. -->","yoast_head_json":{"title":"Buchthopping - Zeit auf See","robots":{"index":"index","follow":"follow","max-snippet":"max-snippet:-1","max-image-preview":"max-image-preview:large","max-video-preview":"max-video-preview:-1"},"canonical":"https:\/\/zeitaufsee.de\/en\/2023\/05\/15\/buchthopping\/","og_locale":"en_GB","og_type":"article","og_title":"Buchthopping - Zeit auf See","og_description":"Der Fr\u00fchling ist mit voller Wucht an der Algarve eingefahren. Kr\u00e4ftig durchw\u00e4rmt die Sonne den noch winterkalten K\u00f6rper und der frische Wind, der von den H\u00fcgeln herab an die K\u00fcste weht, h\u00e4lt sie nicht davon ab. \u00dcber den ersten Mai sind Freunde aus Deutschland zu Besuch. Yvonne und Dominik sind kurzfristig von D\u00fcsseldorf nach Faro [&hellip;]","og_url":"https:\/\/zeitaufsee.de\/en\/2023\/05\/15\/buchthopping\/","og_site_name":"Zeit auf See","article_published_time":"2023-05-15T17:12:09+00:00","article_modified_time":"2023-05-15T17:13:14+00:00","og_image":[{"url":"http:\/\/zeitaufsee.de\/wp-content\/uploads\/2023\/05\/Urlaub2-1024x576.jpg","type":"","width":"","height":""}],"author":"KMF","twitter_card":"summary_large_image","twitter_misc":{"Written by":"KMF","Estimated reading time":"2 minutes"},"schema":{"@context":"https:\/\/schema.org","@graph":[{"@type":"Article","@id":"https:\/\/zeitaufsee.de\/2023\/05\/15\/buchthopping\/#article","isPartOf":{"@id":"https:\/\/zeitaufsee.de\/2023\/05\/15\/buchthopping\/"},"author":{"name":"KMF","@id":"https:\/\/zeitaufsee.de\/#\/schema\/person\/ed712c226220d727ae1df433d7756cb5"},"headline":"Buchthopping","datePublished":"2023-05-15T17:12:09+00:00","dateModified":"2023-05-15T17:13:14+00:00","mainEntityOfPage":{"@id":"https:\/\/zeitaufsee.de\/2023\/05\/15\/buchthopping\/"},"wordCount":200,"commentCount":0,"image":{"@id":"https:\/\/zeitaufsee.de\/2023\/05\/15\/buchthopping\/#primaryimage"},"thumbnailUrl":"http:\/\/zeitaufsee.de\/wp-content\/uploads\/2023\/05\/Urlaub2-1024x576.jpg","articleSection":["Mitsegeln"],"inLanguage":"en-GB","potentialAction":[{"@type":"CommentAction","name":"Comment","target":["https:\/\/zeitaufsee.de\/2023\/05\/15\/buchthopping\/#respond"]}]},{"@type":"WebPage","@id":"https:\/\/zeitaufsee.de\/2023\/05\/15\/buchthopping\/","url":"https:\/\/zeitaufsee.de\/2023\/05\/15\/buchthopping\/","name":"Buchthopping - Zeit auf See","isPartOf":{"@id":"https:\/\/zeitaufsee.de\/#website"},"primaryImageOfPage":{"@id":"https:\/\/zeitaufsee.de\/2023\/05\/15\/buchthopping\/#primaryimage"},"image":{"@id":"https:\/\/zeitaufsee.de\/2023\/05\/15\/buchthopping\/#primaryimage"},"thumbnailUrl":"http:\/\/zeitaufsee.de\/wp-content\/uploads\/2023\/05\/Urlaub2-1024x576.jpg","datePublished":"2023-05-15T17:12:09+00:00","dateModified":"2023-05-15T17:13:14+00:00","author":{"@id":"https:\/\/zeitaufsee.de\/#\/schema\/person\/ed712c226220d727ae1df433d7756cb5"},"breadcrumb":{"@id":"https:\/\/zeitaufsee.de\/2023\/05\/15\/buchthopping\/#breadcrumb"},"inLanguage":"en-GB","potentialAction":[{"@type":"ReadAction","target":["https:\/\/zeitaufsee.de\/2023\/05\/15\/buchthopping\/"]}]},{"@type":"ImageObject","inLanguage":"en-GB","@id":"https:\/\/zeitaufsee.de\/2023\/05\/15\/buchthopping\/#primaryimage","url":"http:\/\/zeitaufsee.de\/wp-content\/uploads\/2023\/05\/Urlaub2-1024x576.jpg","contentUrl":"http:\/\/zeitaufsee.de\/wp-content\/uploads\/2023\/05\/Urlaub2-1024x576.jpg"},{"@type":"BreadcrumbList","@id":"https:\/\/zeitaufsee.de\/2023\/05\/15\/buchthopping\/#breadcrumb","itemListElement":[{"@type":"ListItem","position":1,"name":"Startseite","item":"https:\/\/zeitaufsee.de\/"},{"@type":"ListItem","position":2,"name":"Buchthopping"}]},{"@type":"WebSite","@id":"https:\/\/zeitaufsee.de\/#website","url":"https:\/\/zeitaufsee.de\/","name":"Time at Sea","description":"Auf den Spuren des Odysseus","potentialAction":[{"@type":"SearchAction","target":{"@type":"EntryPoint","urlTemplate":"https:\/\/zeitaufsee.de\/?s={search_term_string}"},"query-input":{"@type":"PropertyValueSpecification","valueRequired":true,"valueName":"search_term_string"}}],"inLanguage":"en-GB"},{"@type":"Person","@id":"https:\/\/zeitaufsee.de\/#\/schema\/person\/ed712c226220d727ae1df433d7756cb5","name":"KMF","image":{"@type":"ImageObject","inLanguage":"en-GB","@id":"http:\/\/zeitaufsee.de\/wp-content\/uploads\/2022\/10\/KMF-AutorPix-e1670146290576.jpg","url":"http:\/\/zeitaufsee.de\/wp-content\/uploads\/2022\/10\/KMF-AutorPix-e1670146290576.jpg","contentUrl":"http:\/\/zeitaufsee.de\/wp-content\/uploads\/2022\/10\/KMF-AutorPix-e1670146290576.jpg","caption":"KMF"},"description":"Segler, Autor","sameAs":["https:\/\/klausmariafischer.de"],"url":"https:\/\/zeitaufsee.de\/en\/author\/web22598256\/"}]}},"modified_by":"KMF","_links":{"self":[{"href":"https:\/\/zeitaufsee.de\/en\/wp-json\/wp\/v2\/posts\/1469","targetHints":{"allow":["GET"]}}],"collection":[{"href":"https:\/\/zeitaufsee.de\/en\/wp-json\/wp\/v2\/posts"}],"about":[{"href":"https:\/\/zeitaufsee.de\/en\/wp-json\/wp\/v2\/types\/post"}],"author":[{"embeddable":true,"href":"https:\/\/zeitaufsee.de\/en\/wp-json\/wp\/v2\/users\/1"}],"replies":[{"embeddable":true,"href":"https:\/\/zeitaufsee.de\/en\/wp-json\/wp\/v2\/comments?post=1469"}],"version-history":[{"count":4,"href":"https:\/\/zeitaufsee.de\/en\/wp-json\/wp\/v2\/posts\/1469\/revisions"}],"predecessor-version":[{"id":1485,"href":"https:\/\/zeitaufsee.de\/en\/wp-json\/wp\/v2\/posts\/1469\/revisions\/1485"}],"wp:attachment":[{"href":"https:\/\/zeitaufsee.de\/en\/wp-json\/wp\/v2\/media?parent=1469"}],"wp:term":[{"taxonomy":"category","embeddable":true,"href":"https:\/\/zeitaufsee.de\/en\/wp-json\/wp\/v2\/categories?post=1469"},{"taxonomy":"post_tag","embeddable":true,"href":"https:\/\/zeitaufsee.de\/en\/wp-json\/wp\/v2\/tags?post=1469"}],"curies":[{"name":"wp","href":"https:\/\/api.w.org\/{rel}","templated":true}]}}